{"id":422,"date":"2020-08-16T17:29:35","date_gmt":"2020-08-16T17:29:35","guid":{"rendered":"https:\/\/web.lavereda.com.mx\/?p=422"},"modified":"2020-08-16T17:29:35","modified_gmt":"2020-08-16T17:29:35","slug":"mexico-es-referente-internacional-en-musica-de-concierto-adolfo-alejo","status":"publish","type":"post","link":"https:\/\/lavereda.com.mx\/index.php\/2020\/08\/16\/mexico-es-referente-internacional-en-musica-de-concierto-adolfo-alejo\/","title":{"rendered":"M\u00e9xico es referente internacional en m\u00fasica de concierto: Adolfo Alejo"},"content":{"rendered":"\n<p>Actualmente Adolfo Alejo es uno de los solistas y directores&nbsp;mexicanos&nbsp; m\u00e1s activos en el panorama musical internacional, este joven artista quien tambi\u00e9n se dedica a la pintura, ha sido invitado a tocar y dirigir a la Camerata de Coahuila en a\u00f1os recientes.<\/p>\n\n\n\n<p>Adem\u00e1s, logr\u00f3 que la Camerata fuera la primera orquesta mexicana en grabar junto con \u00e9l, para el sello&nbsp;holand\u00e9s Brilliant Classics. Para hablar de su experiencia como joven int\u00e9rprete y director, el adem\u00e1s presidente de Concertistas de Morelos AC, ofreci\u00f3 una entrevista a La Vereda; previo a una gira que emprender\u00e1 por Espa\u00f1a e Italia:<\/p>\n\n\n\n<p><strong>Dentro de tu carrera, \u00bfQu\u00e9 disfrutas m\u00e1s, la ejecuci\u00f3n o la direcci\u00f3n orquestal?<\/strong><\/p>\n\n\n\n<p>\u201cDisfruto mucho de las dos&nbsp;actividades &nbsp;ya que van de la mano una con la otra, por un lado el ser solista implica concentrar el esfuerzo en dominar un instrumento que&nbsp;complemente el trabajo con el director y la orquesta para un bien com\u00fan y el ser director me ha ense\u00f1ado a ser humilde, amalgamar el trabajo y la idea de todos (solistas, orquesta) y por supuesto reproducir una obra respetando su historia pero a su vez innovando o impregnando mi toque personal. No podr\u00eda decirte cu\u00e1l de las dos&nbsp;actividades es mi favorita, pero si puedo&nbsp;compartirte que vivo para el arte, sea m\u00fasica o pintura&nbsp;siempre busco expresarme y ofrecer a la gente mi&nbsp;concepci\u00f3n de la realidad y mi deseo por construir un mundo mejor\u201d.<\/p>\n\n\n\n<p><strong>\u00bfC\u00f3mo logras combinar la actividad de la direcci\u00f3n y ser ejecutante de dos instrumentos (viol\u00edn viola)?<\/strong><\/p>\n\n\n\n<p>\u00abEs complicado pero lo disfruto mucho, siempre trato de darle su espacio a cada cosa y\u00a0durante el a\u00f1o planeo por temporadas que quiero realizar m\u00e1s, unos meses al\u00a0viol\u00edn , otros a la viola y\u00a0simult\u00e1neamente dirigir\u00bb.\u00a0<\/p>\n\n\n\n<p><strong>Entre estos dos, viol\u00edn y viola, \u00bfcu\u00e1l disfrutas y trabajas por m\u00e1s tiempo?<\/strong><\/p>\n\n\n\n<p>\u00abComenc\u00e9 con el viol\u00edn cuando ten\u00eda 11 a\u00f1os por las cualidades pirot\u00e9cnicas que posee y al paso de los a\u00f1os conoc\u00ed la&nbsp;calidez y sonoridad de la viola, as\u00ed que en cierta manera complementan mi vida art\u00edstica. Si puedo decirte que para mucha gente incluso cr\u00edticos musicales la viola es mi instrumento principal, pero en lo personal considero que abordo los dos&nbsp;instrumentos al mismo&nbsp;nivel y los disfruto al m\u00e1ximo\u00bb.<\/p>\n\n\n\n<p><strong>Actualmente tienes mucho trabajo en el extranjero \u00bfC\u00f3mo eres recibido como m\u00fasico mexicano en distintos pa\u00edses del mundo?<\/strong><\/p>\n\n\n\n<blockquote class=\"wp-block-quote is-layout-flow wp-block-quote-is-layout-flow\"><p>\u00abHoy por hoy&nbsp;M\u00e9xico es un referente internacional en la&nbsp;m\u00fasica de concierto,&nbsp;exportamos artistas del m\u00e1s alto nivel y puedo decirte que siempre somos bien recibidos, en mi caso agradezco infinitamente a mexicanos que abrieron la puerta a las futuras generaciones, nombres como: Francisco Araiza, Ram\u00f3n Vargas,&nbsp;Adri\u00e1n Justus, Carlos Miguel Prieto, Enrique Diemecke, Eduardo Mata, entre muchos otros han y seguir\u00e1n dejando un legado mundial del talento mexicano, por ello siempre es una responsabilidad enorme el seguir manteniendo esta puerta abierta\u00bb.<\/p><\/blockquote>\n\n\n\n<p><strong>\u00bfC\u00f3mo encuentras en la actualidad el apoyo a la actividad musical de concierto en M\u00e9xico?<\/strong><\/p>\n\n\n\n<p>\u00abSiempre el sector cultural en general ha sido el mas castigado por las diversas instancias de gobierno,&nbsp;personalmente creo que estamos viviendo una crisis social y cultural y que una de las formas de&nbsp;contrarrestar esta decadencia global es precisamente apoyar todas las expresiones creativas y sensibles del ser humano, todos y me refiero tanto a gobernantes, sector privado, p\u00fablico, artistas debemos lograr una formula para comenzar un&nbsp;renacimiento del pa\u00eds porque a mi parecer el \u00faltimo a\u00f1o M\u00e9xico ha desaparecido en el radar cultural internacional por la falta de infraestructura en las embajadas de M\u00e9xico en el extranjero, as\u00ed como los apoyos a proyectos culturales y de difusi\u00f3n\u00bb.&nbsp;<\/p>\n\n\n\n<p><strong>\u00bfVendr\u00e1s pr\u00f3ximamente a tocar a Torre\u00f3n o al norte del pa\u00eds?<\/strong><\/p>\n\n\n\n<p>\u00abNo por el momento,&nbsp;aunque puedo decirte que el norte del pa\u00eds ha sido una de las zonas donde mas se ha desarrollado mi carrera, le tengo mucho cari\u00f1o a la&nbsp;Camerata de Coahuila, con la que hicimos historia al ser la primera orquesta mexicana en grabar un \u00e1lbum bajo el sello&nbsp;holand\u00e9s Brilliant Classics y la que&nbsp;siempre he considerado como una de las mejores orquestas de Am\u00e9rica&nbsp;Latina\u00bb.<\/p>\n","protected":false},"excerpt":{"rendered":"<p>Actualmente Adolfo Alejo es uno de los solistas y directores mexicanos  m\u00e1s activos en el panorama musical internacional, este joven artista quien tambi\u00e9n se dedica a la pintura, ha sido invitado a tocar y dirigir a la Camerata de Coahuila en a\u00f1os recientes.<\/p>\n","protected":false},"author":9,"featured_media":423,"comment_status":"open","ping_status":"open","sticky":false,"template":"","format":"standard","meta":{"footnotes":""},"categories":[4],"tags":[],"class_list":["post-422","post","type-post","status-publish","format-standard","has-post-thumbnail","hentry","category-musica","entry"],"_links":{"self":[{"href":"https:\/\/lavereda.com.mx\/index.php\/wp-json\/wp\/v2\/posts\/422","targetHints":{"allow":["GET"]}}],"collection":[{"href":"https:\/\/lavereda.com.mx\/index.php\/wp-json\/wp\/v2\/posts"}],"about":[{"href":"https:\/\/lavereda.com.mx\/index.php\/wp-json\/wp\/v2\/types\/post"}],"author":[{"embeddable":true,"href":"https:\/\/lavereda.com.mx\/index.php\/wp-json\/wp\/v2\/users\/9"}],"replies":[{"embeddable":true,"href":"https:\/\/lavereda.com.mx\/index.php\/wp-json\/wp\/v2\/comments?post=422"}],"version-history":[{"count":1,"href":"https:\/\/lavereda.com.mx\/index.php\/wp-json\/wp\/v2\/posts\/422\/revisions"}],"predecessor-version":[{"id":424,"href":"https:\/\/lavereda.com.mx\/index.php\/wp-json\/wp\/v2\/posts\/422\/revisions\/424"}],"wp:featuredmedia":[{"embeddable":true,"href":"https:\/\/lavereda.com.mx\/index.php\/wp-json\/wp\/v2\/media\/423"}],"wp:attachment":[{"href":"https:\/\/lavereda.com.mx\/index.php\/wp-json\/wp\/v2\/media?parent=422"}],"wp:term":[{"taxonomy":"category","embeddable":true,"href":"https:\/\/lavereda.com.mx\/index.php\/wp-json\/wp\/v2\/categories?post=422"},{"taxonomy":"post_tag","embeddable":true,"href":"https:\/\/lavereda.com.mx\/index.php\/wp-json\/wp\/v2\/tags?post=422"}],"curies":[{"name":"wp","href":"https:\/\/api.w.org\/{rel}","templated":true}]}}