{"id":4208,"date":"2022-10-04T00:16:08","date_gmt":"2022-10-04T00:16:08","guid":{"rendered":"http:\/\/lavereda.com.mx\/?p=4208"},"modified":"2022-10-04T13:21:19","modified_gmt":"2022-10-04T13:21:19","slug":"lamentan-deceso-del-gran-poeta-david-huerta-y-reconocen-su-legado-en-la-literatura","status":"publish","type":"post","link":"https:\/\/lavereda.com.mx\/index.php\/2022\/10\/04\/lamentan-deceso-del-gran-poeta-david-huerta-y-reconocen-su-legado-en-la-literatura\/","title":{"rendered":"Lamentan deceso del gran poeta David Huerta y reconocen su legado en la literatura"},"content":{"rendered":"\n<ul class=\"wp-block-list\"><li><strong>El reconocido poeta obtuvo, entre otros, los premios Xavier Villaurrutia 2005 y el Nacional de Ciencias y Artes 2015, en el \u00e1rea de Ling\u00fc\u00edstica y Literatura<\/strong><\/li><\/ul>\n\n\n\n<p class=\"has-small-font-size\">Una de las voces m\u00e1s destacadas de la poes\u00eda mexicana y universal en las d\u00e9cadas recientes, David Huerta, falleci\u00f3 este d\u00eda a los 72 a\u00f1os de edad. La Secretar\u00eda de Cultura del Gobierno de M\u00e9xico y el Instituto Nacional de Bellas Artes y Literatura (Inbal) lamentaron el deceso del poeta, quien adem\u00e1s de editor, ensayista y traductor mexicano fue miembro del Sistema Nacional de Creadores. Entre sus obras se encuentran&nbsp;<em>Incurable<\/em>,&nbsp;<em>El jard\u00edn de la luz<\/em>,&nbsp;<em>Cuaderno de noviembre<\/em>&nbsp;y&nbsp;<em>Las hojas<\/em>.<\/p>\n\n\n\n<p class=\"has-small-font-size\">David Huerta visit\u00f3 Torre\u00f3n y La Laguna a inicios de la d\u00e9cada del 2000, fue invitado a impartir talleres literarios sobre C\u00f3mo leer al Quijote y sobre poes\u00eda. Ofreci\u00f3 charlas y aunque en los a\u00f1os recientes ya no regres\u00f3 a esta regi\u00f3n, sin duda dej\u00f3 su huella en los amantes de las letras y la poes\u00eda. Era columnista del Universal, donde no s\u00f3lo escrib\u00eda sobre literatura o cultura, ten\u00eda una visi\u00f3n del mundo profundamente humana y defensor de las causas sociales.<\/p>\n\n\n\n<p class=\"has-small-font-size\">La secretaria de Cultura federal, Alejandra Frausto Guerrero, extern\u00f3 su solidaridad con la familia del poeta mexicano, y se\u00f1al\u00f3 que es <\/p>\n\n\n\n<blockquote class=\"wp-block-quote has-small-font-size is-layout-flow wp-block-quote-is-layout-flow\"><p>\u201cuno de los escritores m\u00e1s destacados de las \u00faltimas d\u00e9cadas\u201d.<\/p><\/blockquote>\n\n\n\n<p class=\"has-small-font-size\">Por su parte, la directora general del Inbal, Lucina Jim\u00e9nez L\u00f3pez, lament\u00f3 el deceso del poeta David Huerta, a quien conoci\u00f3 como generoso conversador, amigo entra\u00f1able. <\/p>\n\n\n\n<blockquote class=\"wp-block-quote has-small-font-size is-layout-flow wp-block-quote-is-layout-flow\"><p>\u201cNo puedo creer que emprendiste el vuelo. As\u00ed es como quiero recordarte, compartiendo sonetos y hallazgos literarios; miradas y tu propia obra\u201d.<\/p><\/blockquote>\n\n\n\n<p class=\"has-small-font-size\">En 2019, la Secretar\u00eda de Cultura del Gobierno de M\u00e9xico y el Inbal, a prop\u00f3sito del 70 aniversario de su nacimiento y ante un gran n\u00famero de lectores, le rindieron un homenaje en la Sala Manuel M. Ponce para reconocer su amplio legado literario.<\/p>\n\n\n\n<p class=\"has-small-font-size\">David Huerta, quien gan\u00f3 el Premio Xavier Villaurrutia de Escritores para Escritores 2005, por su poemario&nbsp;<em>Versi\u00f3n<\/em>&nbsp;(1978) y el Premio Nacional de Ciencias y Artes 2015, en el \u00e1rea de Ling\u00fc\u00edstica y Literatura; y fue tambi\u00e9n coordinador de la C\u00e1tedra Extraordinaria \u201cOctavio Paz\u201d de la Universidad Nacional Aut\u00f3noma de M\u00e9xico (UNAM), deja un prol\u00edfico legado en la cultura, las letras y la docencia.&nbsp;<\/p>\n\n\n\n<p class=\"has-small-font-size\">Originario de la Ciudad de M\u00e9xico (1949), estudi\u00f3 Filosof\u00eda, Letras Inglesas y Espa\u00f1olas en la Facultad de Filosof\u00eda y Letras en la UNAM, donde imparti\u00f3 clases. Como docente, imparti\u00f3 adem\u00e1s cursos en la Fundaci\u00f3n Octavio Paz y en la Fundaci\u00f3n para las Letras Mexicanas.<\/p>\n\n\n\n<p class=\"has-small-font-size\">Adem\u00e1s de su obra po\u00e9tica y ensay\u00edstica, entre la que se encuentran&nbsp;<em>El jard\u00edn de la luz<\/em>&nbsp;(1972),&nbsp;<em>Cuaderno de noviembre<\/em>(1976),&nbsp;<em>Incurable<\/em>&nbsp;(1987),&nbsp;<em>La sombra de los perros<\/em>&nbsp;(1996) o&nbsp;<em>El ovillo y la brisa<\/em>&nbsp;(2018), tambi\u00e9n se desarroll\u00f3 como redactor y editor de la Enciclopedia de M\u00e9xico; director de la colecci\u00f3n de libros Biblioteca del Estudiante Universitario, y coordinador de talleres literarios en la Casa del Lago de la UNAM, del Inbal y del ISSSTE.<\/p>\n\n\n\n<p class=\"has-small-font-size\">Escritor de amplia trayectoria, David Huerta fue secretario de Redacci\u00f3n de&nbsp;<em>La Gaceta<\/em>&nbsp;del Fondo de Cultura Econ\u00f3mica (FCE); miembro del consejo editorial de&nbsp;<em>Letras Libres<\/em>; director de&nbsp;<em>Peri\u00f3dico de Poes\u00eda<\/em>&nbsp;(nueva \u00e9poca); integrante de la Comisi\u00f3n de Artes y Letras del entonces Fonca.<\/p>\n\n\n\n<p class=\"has-small-font-size\">Colabor\u00f3 tambi\u00e9n en publicaciones como&nbsp;<em>Diorama de la Cultura, El D\u00eda, El Universal, La Gaceta<\/em>&nbsp;del FCE,&nbsp;<em>La Talacha, Letras Libres, Nexos, Novedades<\/em>&nbsp;y&nbsp;<em>Proceso<\/em>.&nbsp;<\/p>\n\n\n\n<p class=\"has-small-font-size\">Entre los reconocimientos que obtuvo tambi\u00e9n se encuentran el Premio Nacional de Poes\u00eda Carlos Pellicer para obra publicada 1990 por su poemario&nbsp;<em>Historia<\/em>&nbsp;(1990); el Premio Excelencia en las Letras Jos\u00e9 Emilio Pacheco 2018, otorgado por la Universidad Aut\u00f3noma de Yucat\u00e1n, y la Feria Internacional del Libro de Yucat\u00e1n (Filey), as\u00ed como el Premio Universidad Nacional por parte de la UNAM, en 2017.<\/p>\n\n\n\n<p><\/p>\n","protected":false},"excerpt":{"rendered":"<p>El reconocido poeta obtuvo, entre otros, los premios Xavier Villaurrutia 2005 y el Nacional de Ciencias y Artes 2015, en el \u00e1rea de Ling\u00fc\u00edstica y Literatura Una de las voces &hellip; <a href=\"https:\/\/lavereda.com.mx\/index.php\/2022\/10\/04\/lamentan-deceso-del-gran-poeta-david-huerta-y-reconocen-su-legado-en-la-literatura\/\" class=\"more-link\">Leer m\u00e1s<\/a><\/p>\n","protected":false},"author":9,"featured_media":4212,"comment_status":"open","ping_status":"open","sticky":false,"template":"","format":"standard","meta":{"footnotes":""},"categories":[5,18],"tags":[19,35,32,30],"class_list":["post-4208","post","type-post","status-publish","format-standard","has-post-thumbnail","hentry","category-letras-y-libros","category-lomasrelevante","tag-19","tag-david-huerta","tag-literatura","tag-torreon","entry"],"_links":{"self":[{"href":"https:\/\/lavereda.com.mx\/index.php\/wp-json\/wp\/v2\/posts\/4208","targetHints":{"allow":["GET"]}}],"collection":[{"href":"https:\/\/lavereda.com.mx\/index.php\/wp-json\/wp\/v2\/posts"}],"about":[{"href":"https:\/\/lavereda.com.mx\/index.php\/wp-json\/wp\/v2\/types\/post"}],"author":[{"embeddable":true,"href":"https:\/\/lavereda.com.mx\/index.php\/wp-json\/wp\/v2\/users\/9"}],"replies":[{"embeddable":true,"href":"https:\/\/lavereda.com.mx\/index.php\/wp-json\/wp\/v2\/comments?post=4208"}],"version-history":[{"count":5,"href":"https:\/\/lavereda.com.mx\/index.php\/wp-json\/wp\/v2\/posts\/4208\/revisions"}],"predecessor-version":[{"id":4220,"href":"https:\/\/lavereda.com.mx\/index.php\/wp-json\/wp\/v2\/posts\/4208\/revisions\/4220"}],"wp:featuredmedia":[{"embeddable":true,"href":"https:\/\/lavereda.com.mx\/index.php\/wp-json\/wp\/v2\/media\/4212"}],"wp:attachment":[{"href":"https:\/\/lavereda.com.mx\/index.php\/wp-json\/wp\/v2\/media?parent=4208"}],"wp:term":[{"taxonomy":"category","embeddable":true,"href":"https:\/\/lavereda.com.mx\/index.php\/wp-json\/wp\/v2\/categories?post=4208"},{"taxonomy":"post_tag","embeddable":true,"href":"https:\/\/lavereda.com.mx\/index.php\/wp-json\/wp\/v2\/tags?post=4208"}],"curies":[{"name":"wp","href":"https:\/\/api.w.org\/{rel}","templated":true}]}}