{"id":4199,"date":"2022-10-01T15:48:08","date_gmt":"2022-10-01T15:48:08","guid":{"rendered":"http:\/\/lavereda.com.mx\/?p=4199"},"modified":"2022-10-01T15:48:09","modified_gmt":"2022-10-01T15:48:09","slug":"escritores-laguneros-y-coahuilenses-participan-en-la-feria-internacional-del-libro-de-monterrey","status":"publish","type":"post","link":"https:\/\/lavereda.com.mx\/index.php\/2022\/10\/01\/escritores-laguneros-y-coahuilenses-participan-en-la-feria-internacional-del-libro-de-monterrey\/","title":{"rendered":"Escritores laguneros y coahuilenses participan en la Feria Internacional del Libro de Monterrey"},"content":{"rendered":"\n<ul class=\"wp-block-list\"><li><em>Se realiza del\u00a0 8 al 16 de octubre en las instalaciones de CINTERMEX en Monterrey.<\/em><\/li><\/ul>\n\n\n\n<p>Coahuila estar\u00e1 presente con m\u00e1s de 40 actividades en la Trig\u00e9sima Edici\u00f3n de la Feria Internacional del Libro de Monterrey (FILM) 2022, y va con&nbsp; lo m\u00e1s destacado del arte y la literatura de la entidad, la cual se realiza del&nbsp; 8 al 16 de octubre en las instalaciones de CINTERMEX en Monterrey.<\/p>\n\n\n\n<p>La Secretaria de Cultura de Coahuila, Ana Sof\u00eda Garc\u00eda Camil, dio a conocer que en esta edici\u00f3n de la FILM es la primera ocasi\u00f3n en que una entidad federativa asiste como invitada especial.<\/p>\n\n\n\n<p>Durante la FILM se presentar\u00e1n m\u00e1s de 30 actividades, entre las que se cuentan presentaciones de libros, conversatorios, actividades art\u00edsticas y acad\u00e9micas, exposiciones, muestras gastron\u00f3micas y degustaci\u00f3n de los mejores vinos coahuilenses, as\u00ed como la exhibici\u00f3n de parte del patrimonio paleontol\u00f3gico coahuilense por parte del Museo del Desierto y de los tradicionales sarapes de Saltillo.<\/p>\n\n\n\n<p>\u201cEstamos haciendo un gran esfuerzo para que el p\u00fablico regiomontano disfrute de lo m\u00e1s importante de la literatura, historia, tradici\u00f3n y arte de la entidad\u201d, manifest\u00f3.<\/p>\n\n\n\n<p>\u201cTendremos un pabell\u00f3n monumental de 200 metros cuadrados en el que se expondr\u00e1 la riqueza cultural de Coahuila, que incluye, adem\u00e1s de lo mejor de nuestra producci\u00f3n editorial, productos artesanales como el reconocido sarape de Saltillo, vinos de Coahuila, sotol (bebida c\u00e9lebre del noreste mexicano) y la participaci\u00f3n del Museo del Desierto, \u00fanico en su tipo en Am\u00e9rica Latina que pondr\u00e1 al alcance de los visitantes una ventana al pasado prehist\u00f3rico de la regi\u00f3n\u201d, a\u00f1adi\u00f3 Garc\u00eda Camil.<\/p>\n\n\n\n<blockquote class=\"wp-block-quote is-layout-flow wp-block-quote-is-layout-flow\"><p>Por otra parte, sostuvo que hay un fuerte compromiso con el libro y la lectura: \u201cDe ah\u00ed que nuestro programa presentar\u00e1 a m\u00e1s de 200 escritores y artistas coahuilenses. Autores de renombre nacional e internacional, como Marianne Toussaint, Juli\u00e1n Herbert, Claudia Berrueto, Luis Jorge Boone, Mercedes Luna, Carlos Vel\u00e1zquez, Claudia Luna Fuentes, Nadia Contreras, Gilberto Prado Gal\u00e1n y Vicente Alfonso, por mencionar algunos\u201d, indic\u00f3.<\/p><\/blockquote>\n\n\n\n<p>Por lo que respecta a actividades art\u00edsticas, destaca la presencia de la Orquesta Filarm\u00f3nica del Desierto, la Compa\u00f1\u00eda de \u00d3pera de Saltillo, la Orquesta Sinf\u00f3nica Juvenil de Torre\u00f3n y la Saltillo Big Band.<\/p>\n\n\n\n<p>\u201cCoahuila va con todo\u201d a este importante evento, en el que se espera la presencia de una gran cantidad de visitantes neoleoneses, pero tambi\u00e9n de estados cercanos a la capital regiomontana.<\/p>\n","protected":false},"excerpt":{"rendered":"<p>Se realiza del\u00a0 8 al 16 de octubre en las instalaciones de CINTERMEX en Monterrey. Coahuila estar\u00e1 presente con m\u00e1s de 40 actividades en la Trig\u00e9sima Edici\u00f3n de la Feria &hellip; <a href=\"https:\/\/lavereda.com.mx\/index.php\/2022\/10\/01\/escritores-laguneros-y-coahuilenses-participan-en-la-feria-internacional-del-libro-de-monterrey\/\" class=\"more-link\">Leer m\u00e1s<\/a><\/p>\n","protected":false},"author":1,"featured_media":4200,"comment_status":"open","ping_status":"open","sticky":false,"template":"","format":"standard","meta":{"footnotes":""},"categories":[5,18],"tags":[],"class_list":["post-4199","post","type-post","status-publish","format-standard","has-post-thumbnail","hentry","category-letras-y-libros","category-lomasrelevante","entry"],"_links":{"self":[{"href":"https:\/\/lavereda.com.mx\/index.php\/wp-json\/wp\/v2\/posts\/4199","targetHints":{"allow":["GET"]}}],"collection":[{"href":"https:\/\/lavereda.com.mx\/index.php\/wp-json\/wp\/v2\/posts"}],"about":[{"href":"https:\/\/lavereda.com.mx\/index.php\/wp-json\/wp\/v2\/types\/post"}],"author":[{"embeddable":true,"href":"https:\/\/lavereda.com.mx\/index.php\/wp-json\/wp\/v2\/users\/1"}],"replies":[{"embeddable":true,"href":"https:\/\/lavereda.com.mx\/index.php\/wp-json\/wp\/v2\/comments?post=4199"}],"version-history":[{"count":2,"href":"https:\/\/lavereda.com.mx\/index.php\/wp-json\/wp\/v2\/posts\/4199\/revisions"}],"predecessor-version":[{"id":4206,"href":"https:\/\/lavereda.com.mx\/index.php\/wp-json\/wp\/v2\/posts\/4199\/revisions\/4206"}],"wp:featuredmedia":[{"embeddable":true,"href":"https:\/\/lavereda.com.mx\/index.php\/wp-json\/wp\/v2\/media\/4200"}],"wp:attachment":[{"href":"https:\/\/lavereda.com.mx\/index.php\/wp-json\/wp\/v2\/media?parent=4199"}],"wp:term":[{"taxonomy":"category","embeddable":true,"href":"https:\/\/lavereda.com.mx\/index.php\/wp-json\/wp\/v2\/categories?post=4199"},{"taxonomy":"post_tag","embeddable":true,"href":"https:\/\/lavereda.com.mx\/index.php\/wp-json\/wp\/v2\/tags?post=4199"}],"curies":[{"name":"wp","href":"https:\/\/api.w.org\/{rel}","templated":true}]}}