{"id":4192,"date":"2022-09-28T22:10:33","date_gmt":"2022-09-28T22:10:33","guid":{"rendered":"http:\/\/lavereda.com.mx\/?p=4192"},"modified":"2022-09-29T01:21:14","modified_gmt":"2022-09-29T01:21:14","slug":"sedimentacion-del-desperdicio-basura-y-coexistencia","status":"publish","type":"post","link":"https:\/\/lavereda.com.mx\/index.php\/2022\/09\/28\/sedimentacion-del-desperdicio-basura-y-coexistencia\/","title":{"rendered":"Sedimentaci\u00f3n del desperdicio. Basura y coexistencia."},"content":{"rendered":"\n<p>\u201cSedimentaci\u00f3n del desperdicio. Basura y coexistencia\u201d es una exposici\u00f3n conformada por talentosos fot\u00f3grafos y expositores en donde se toma el tema de la basura y sus ciclos de consumo en la vida diaria.\u00a0<\/p>\n\n\n\n<figure class=\"wp-block-image size-large\"><img fetchpriority=\"high\" decoding=\"async\" width=\"1000\" height=\"714\" src=\"https:\/\/lavereda.com.mx\/wp-content\/uploads\/2022\/09\/Bibian-Trinidad.jpeg\" alt=\"\" class=\"wp-image-4193\" srcset=\"https:\/\/lavereda.com.mx\/wp-content\/uploads\/2022\/09\/Bibian-Trinidad.jpeg 1000w, https:\/\/lavereda.com.mx\/wp-content\/uploads\/2022\/09\/Bibian-Trinidad-300x214.jpeg 300w, https:\/\/lavereda.com.mx\/wp-content\/uploads\/2022\/09\/Bibian-Trinidad-768x548.jpeg 768w\" sizes=\"(max-width: 1000px) 100vw, 1000px\" \/><figcaption>Fotograf\u00eda por: Bibian Trinidad<\/figcaption><\/figure>\n\n\n\n<p>Este proyecto colectivo en donde participan Ad\u00e1n Gonz\u00e1lez, Alfredo Esparza C\u00e1rdenas, Bibian Trinidad, Gerardo Silveyra, Mar\u00eda Ortiz, Mayka Franco Rosales, Rafael Blando y Susana Nava, invita a prestar atenci\u00f3n y profundizar el impacto de la basura en la sociedad interpret\u00e1ndose como un desperdicio humano apoy\u00e1ndose con material fotogr\u00e1fico.<\/p>\n\n\n\n<p>Cabe destacar que este proyecto forma parte de #RedDeLaImagen y del Centro de la Imagen, al igual que en FotoSeptiembreMx. FotoSeptiembreMx, despu\u00e9s de algunos a\u00f1os, ha vuelto con la tem\u00e1tica de representar aspectos del territorio, es por eso que la ecolog\u00eda y la basura obtienen el papel protag\u00f3nico en la exposici\u00f3n, no s\u00f3lo del lado del consumismo, sino del aspecto emocional del lugar donde se habita.<\/p>\n\n\n\n<p>En la era del consumismo, los productos convenientes y f\u00e1ciles de usar se han apoderado del mercado y dado que el pl\u00e1stico es barato y duradero, los pl\u00e1sticos de un solo uso se han vuelto muy comunes. Los pl\u00e1sticos de un solo uso, a menudo tambi\u00e9n denominados desechables, se utilizan com\u00fanmente para envasar art\u00edculos. Estos incluyen, entre otros art\u00edculos, bolsas de supermercado, envases de alimentos, botellas, recipientes, popotes, vasos, cubiertos, entre otros. Los pl\u00e1sticos de un solo uso m\u00e1s comunes que se encuentran en el medio son materiales tan cotidianos como las colillas de cigarrillos, botellas de pl\u00e1stico, tapas de botellas de pl\u00e1stico, envoltorios, bolsas de supermecado, otros tipos de bolsas de pl\u00e1stico y desechables. Esto afecta de forma trascendental al territorio donde vivimos y no s\u00f3lo es la basura que ve el ciudadano por las calles, sino en espacios p\u00fablicos como parques o incluso en casa.&nbsp;<\/p>\n\n\n\n<p>\u201cTomando como punto de partida el papel de la basura en la existencia humana y la fotograf\u00eda como registro de lo cotidiano, surge Sedimentaci\u00f3n del desperdicio. Basura y coexistencia, exposici\u00f3n que presenta el trabajo de ocho fot\u00f3grafos a manera de un ensayo visual colectivo, en donde los autores comparten su mirada y reflexiones sobre la producci\u00f3n y el uso de desperdicios. La muestra, propone una cr\u00edtica a la situaci\u00f3n alarmante del medio ambiente y a las pr\u00e1cticas humanas en torno a la basura.\u201d<\/p>\n\n\n\n<p>La exposici\u00f3n <strong>Sedimentaci\u00f3n del desperdicio. Basura y coexistencia <\/strong>se inaugura este 28 de septiembre a las 7:00 pm en el Museo de arte moderno de la Casa de la Cultura de G\u00f3mez Palacio, Dgo.<\/p>\n\n\n\n<p>En esta exposici\u00f3n, \u201cse muestra el trabajo de Gerardo Silveyra, en donde personifica la basura como un actor protag\u00f3nico del territorio en el que vivimos. Ad\u00e1n Gonz\u00e1lez, presenta su trabajo de fotograf\u00eda an\u00e1loga con una serie que acent\u00faa sat\u00edricamente el contexto en el que nos rodea la basura y a los actores que de ella viven. Mar\u00eda Ort\u00edz utiliza la met\u00e1fora dentro de su propuesta para evidenciar los procesos de bienestar y salud p\u00fablica en nuestro pa\u00eds. Susana Nava por medio de un ejercicio de documentaci\u00f3n familiar cuestiona el impacto que ejerce la sociedad de consumo en la crianza. Bibian Trinidad a trav\u00e9s de composiciones est\u00e9ticas exhibe el impacto negativo que tiene la basura en nuestro entorno. Mayka Franco, expone la falta de regulaci\u00f3n de algunas empresas ubicadas en diferentes municipios de Coahuila y su afectaci\u00f3n en el deterioro del entorno ambiental y la calidad de vida de sus habitantes. Y Rafael Blando presenta una reflexi\u00f3n sobre las consecuencias que se generan en las din\u00e1micas econ\u00f3micas y sociales por la acumulaci\u00f3n de basura.\u201d<\/p>\n\n\n\n<p>La inauguraci\u00f3n es el d\u00eda de hoy, mi\u00e9rcoles 28 de septiembre de 2022&nbsp; a las 19:00 hrs. En la Casa de la Cultura Ernestina Gamboa Londres (esquina con Lisboa s\/n, Col. El Campestre, C.P. 35080, G\u00f3mez Palacio, Durango) y estar\u00e1 disponible al p\u00fablico de lunes a viernes de 8 de la ma\u00f1ana a las 8 de la noche en la sala Sedimentaci\u00f3n del desperdicio. Basura y coexistencia.<\/p>\n","protected":false},"excerpt":{"rendered":"<p>\u201cSedimentaci\u00f3n del desperdicio. Basura y coexistencia\u201d es una exposici\u00f3n conformada por talentosos fot\u00f3grafos y expositores en donde se toma el tema de la basura y sus ciclos de consumo en &hellip; <a href=\"https:\/\/lavereda.com.mx\/index.php\/2022\/09\/28\/sedimentacion-del-desperdicio-basura-y-coexistencia\/\" class=\"more-link\">Leer m\u00e1s<\/a><\/p>\n","protected":false},"author":17,"featured_media":4194,"comment_status":"open","ping_status":"open","sticky":false,"template":"","format":"standard","meta":{"footnotes":""},"categories":[3,18,8],"tags":[],"class_list":["post-4192","post","type-post","status-publish","format-standard","has-post-thumbnail","hentry","category-artes-visuales","category-lomasrelevante","category-sociedad","entry"],"_links":{"self":[{"href":"https:\/\/lavereda.com.mx\/index.php\/wp-json\/wp\/v2\/posts\/4192","targetHints":{"allow":["GET"]}}],"collection":[{"href":"https:\/\/lavereda.com.mx\/index.php\/wp-json\/wp\/v2\/posts"}],"about":[{"href":"https:\/\/lavereda.com.mx\/index.php\/wp-json\/wp\/v2\/types\/post"}],"author":[{"embeddable":true,"href":"https:\/\/lavereda.com.mx\/index.php\/wp-json\/wp\/v2\/users\/17"}],"replies":[{"embeddable":true,"href":"https:\/\/lavereda.com.mx\/index.php\/wp-json\/wp\/v2\/comments?post=4192"}],"version-history":[{"count":3,"href":"https:\/\/lavereda.com.mx\/index.php\/wp-json\/wp\/v2\/posts\/4192\/revisions"}],"predecessor-version":[{"id":4198,"href":"https:\/\/lavereda.com.mx\/index.php\/wp-json\/wp\/v2\/posts\/4192\/revisions\/4198"}],"wp:featuredmedia":[{"embeddable":true,"href":"https:\/\/lavereda.com.mx\/index.php\/wp-json\/wp\/v2\/media\/4194"}],"wp:attachment":[{"href":"https:\/\/lavereda.com.mx\/index.php\/wp-json\/wp\/v2\/media?parent=4192"}],"wp:term":[{"taxonomy":"category","embeddable":true,"href":"https:\/\/lavereda.com.mx\/index.php\/wp-json\/wp\/v2\/categories?post=4192"},{"taxonomy":"post_tag","embeddable":true,"href":"https:\/\/lavereda.com.mx\/index.php\/wp-json\/wp\/v2\/tags?post=4192"}],"curies":[{"name":"wp","href":"https:\/\/api.w.org\/{rel}","templated":true}]}}