{"id":4177,"date":"2022-09-24T16:24:15","date_gmt":"2022-09-24T16:24:15","guid":{"rendered":"http:\/\/lavereda.com.mx\/?p=4177"},"modified":"2022-09-24T16:24:15","modified_gmt":"2022-09-24T16:24:15","slug":"inauguran-una-panoramica-de-las-artes-plasticas-en-la-laguna","status":"publish","type":"post","link":"https:\/\/lavereda.com.mx\/index.php\/2022\/09\/24\/inauguran-una-panoramica-de-las-artes-plasticas-en-la-laguna\/","title":{"rendered":"Inauguran una panor\u00e1mica de las artes pl\u00e1sticas en la Laguna"},"content":{"rendered":"\n<p>Una panor\u00e1mica de la historia de las artes visuales en nuestra regi\u00f3n, con obras que se crearon en las primeras d\u00e9cadas del siglo XX hasta inicios de la d\u00e9cada del 2000, es lo que conforma la exposici\u00f3n \u00ab115 a\u00f1os de artes pl\u00e1sticas en La Laguna. 1\u00aa parte\u00bb, inaugurada el jueves 22 de septiembre en la galer\u00eda del Teatro Isauro Mart\u00ednez.<\/p>\n\n\n\n<p>La muestra es una iniciativa del Instituto Municipal de Cultura y Educaci\u00f3n, como parte de los festejos del 115 aniversario de la ciudad, cont\u00f3 con la curadur\u00eda de Patricia G. Santiago, coordinadora de artes visuales del instituto, as\u00ed como de Jacobo Atiyeh y Gustavo Montes.<\/p>\n\n\n\n<p>El recorrido inicia con un cuadro imponente de Jos\u00e9 M\u00e9ndez \u201cSin t\u00edtulo\u201d con el retrato de una elegante mujer de la d\u00e9cada de los 70\u00b4s. Despu\u00e9s se puede apreciar el arte de Manuel Mu\u00f1oz Olivares, Ra\u00fal Esparza, Magdalena Briones, Lilia Ruiz y entre los m\u00e1s antiguos sobresale una fotograf\u00eda de Harold H. Miller, el fot\u00f3grafo estadounidense que captur\u00f3 im\u00e1genes de los primeros a\u00f1os de la vida de la ciudad, en especial del entorno revolucionario.<\/p>\n\n\n\n<p>En la planta baja se encuentra el arte de los pintores que forjaron la tradici\u00f3n de la pl\u00e1stica: Alonso de Alba, Juan Basilio, Tom\u00e1s Ledesma, Adela Santib\u00e1\u00f1ez, Patricia Ruiz Weber, Linda Got\u00e9s, Itziar Fern\u00e1ndez, entre muchos otros que hicieron un trabajo incansable durante el s. XX. En la parte alta se puede apreciar la obra de artistas como Ana Fuentes, Laura Vel\u00e1zquez, Arturo Hinojosa, Patricia Hern\u00e1ndez entre muchos otros. Esta primera parte supera los 110 exponentes.<\/p>\n\n\n\n<p>De acuerdo con la c\u00e9dula de la exposici\u00f3n, se trata de una revisi\u00f3n muy atractiva de la trayectoria de las artes visuales en la regi\u00f3n y alberga obra representativa de aquellos artistas nacidos en La Laguna, que llegaron de otras partes del pa\u00eds, o que viajaron desde otros pa\u00edses, como Espa\u00f1a o Estados Unidos.<\/p>\n\n\n\n<p>Tambi\u00e9n se pueden ver obras de artistas que durante una etapa de su vida radicaron en la Comarca Lagunera donde estudiaron, realizaron labores docentes, tuvieron disc\u00edpulos y llegaron a trascender.<\/p>\n\n\n\n<p>La segunda parte de la exposici\u00f3n ser\u00e1 inaugurada en los primeros d\u00edas de octubre en el Museo Hist\u00f3rico Casa del Cerro, con una parte de la pl\u00e1stica que se ha creado en las d\u00e9cadas m\u00e1s recientes.<\/p>\n\n\n\n<p>La primera parte de esta panor\u00e1mica requiere tiempo y un espacio de reflexi\u00f3n para ser visitada y apreciada. El horario es de 10:00 a 14:00 y de 16:00 a 19:00 horas de lunes a viernes.<\/p>\n","protected":false},"excerpt":{"rendered":"<p>Una panor\u00e1mica de la historia de las artes visuales en nuestra regi\u00f3n, con obras que se crearon en las primeras d\u00e9cadas del siglo XX hasta inicios de la d\u00e9cada del &hellip; <a href=\"https:\/\/lavereda.com.mx\/index.php\/2022\/09\/24\/inauguran-una-panoramica-de-las-artes-plasticas-en-la-laguna\/\" class=\"more-link\">Leer m\u00e1s<\/a><\/p>\n","protected":false},"author":9,"featured_media":4178,"comment_status":"open","ping_status":"open","sticky":false,"template":"","format":"standard","meta":{"footnotes":""},"categories":[3,18],"tags":[],"class_list":["post-4177","post","type-post","status-publish","format-standard","has-post-thumbnail","hentry","category-artes-visuales","category-lomasrelevante","entry"],"_links":{"self":[{"href":"https:\/\/lavereda.com.mx\/index.php\/wp-json\/wp\/v2\/posts\/4177","targetHints":{"allow":["GET"]}}],"collection":[{"href":"https:\/\/lavereda.com.mx\/index.php\/wp-json\/wp\/v2\/posts"}],"about":[{"href":"https:\/\/lavereda.com.mx\/index.php\/wp-json\/wp\/v2\/types\/post"}],"author":[{"embeddable":true,"href":"https:\/\/lavereda.com.mx\/index.php\/wp-json\/wp\/v2\/users\/9"}],"replies":[{"embeddable":true,"href":"https:\/\/lavereda.com.mx\/index.php\/wp-json\/wp\/v2\/comments?post=4177"}],"version-history":[{"count":1,"href":"https:\/\/lavereda.com.mx\/index.php\/wp-json\/wp\/v2\/posts\/4177\/revisions"}],"predecessor-version":[{"id":4179,"href":"https:\/\/lavereda.com.mx\/index.php\/wp-json\/wp\/v2\/posts\/4177\/revisions\/4179"}],"wp:featuredmedia":[{"embeddable":true,"href":"https:\/\/lavereda.com.mx\/index.php\/wp-json\/wp\/v2\/media\/4178"}],"wp:attachment":[{"href":"https:\/\/lavereda.com.mx\/index.php\/wp-json\/wp\/v2\/media?parent=4177"}],"wp:term":[{"taxonomy":"category","embeddable":true,"href":"https:\/\/lavereda.com.mx\/index.php\/wp-json\/wp\/v2\/categories?post=4177"},{"taxonomy":"post_tag","embeddable":true,"href":"https:\/\/lavereda.com.mx\/index.php\/wp-json\/wp\/v2\/tags?post=4177"}],"curies":[{"name":"wp","href":"https:\/\/api.w.org\/{rel}","templated":true}]}}