{"id":4171,"date":"2022-09-22T00:09:04","date_gmt":"2022-09-22T00:09:04","guid":{"rendered":"http:\/\/lavereda.com.mx\/?p=4171"},"modified":"2022-09-22T00:09:04","modified_gmt":"2022-09-22T00:09:04","slug":"la-tragedia-de-shakespeare-romeo-y-julieta-en-la-musica-de-camerata","status":"publish","type":"post","link":"https:\/\/lavereda.com.mx\/index.php\/2022\/09\/22\/la-tragedia-de-shakespeare-romeo-y-julieta-en-la-musica-de-camerata\/","title":{"rendered":"La tragedia de Shakespeare, Romeo y Julieta, en la m\u00fasica de Camerata"},"content":{"rendered":"\n<p>Una historia de amor y tragedia sonar\u00e1 en el Teatro Isauro Mart\u00ednez, en la interpretaci\u00f3n de Camerata de Coahuila. Se trata de \u201cRomeo y Julieta\u201d que llega como parte del\u00a0cuarto concierto de temporada Oto\u00f1o Invierno 2022, bajo la batuta del Maestro Ethan Eager.<\/p>\n\n\n\n<p>Este concierto tendr\u00e1 una \u00fanica presentaci\u00f3n este viernes 23 de septiembre, en punto de las 20:30 horas.<\/p>\n\n\n\n<p>Las historias de amor condenado siempre resonaron profundamente con Tchaikovsky; la tragedia de Shakespeare&nbsp;\u201cRomeo y Julieta\u201d&nbsp;no fue una excepci\u00f3n.<\/p>\n\n\n\n<p>El programa contar\u00e1 con la Obertura Fantas\u00eda Romeo y Julieta TH42, de Piotr Ilich Tchaikovsky (1840&nbsp;\u2013&nbsp;1893), pieza inspirada en la tragedia de Shakespeare y en la que se pueden identificar innumerables rasgos personales que aparecen reiteradamente en la obra de madurez del compositor.<\/p>\n\n\n\n<p>La tragedia de Shakespeare y la torturada vida personal de Tchaikovsky chocaron para producir la primera expresi\u00f3n verdadera de su genio como compositor, una obra maestra tenazmente construida que reduce la narraci\u00f3n de Shakespeare a lo esencial en 20 minutos de m\u00fasica que es, por turnos, atronadoramente dram\u00e1tica y dolorosamente bella.<\/p>\n\n\n\n<p>Piotr Ilich Tchaikovsky es autor de fascinantes obras que hasta hoy gozan de popularidad,&nbsp;como \u201cEl lago de los cisnes\u201d, \u201cEl Cascanueces\u201d, \u201cEl primer concierto para piano\u201d, \u201cRomeo y Julieta\u201d y \u201cConcierto para viol\u00edn\u201d. Naci\u00f3 en 1840 en el seno de una familia de clase media.&nbsp;Emprendi\u00f3 su carrera art\u00edstica &#8211;contra el deseo de sus padres&#8211; en el Conservatorio de San Petersburgo en 1864. Cre\u00f3 piezas en diferentes g\u00e9neros musicales: sinfon\u00eda, ballet, \u00f3pera, instrumental, entre otras variantes.<\/p>\n\n\n\n<p>El cuarto concierto contar\u00e1 adem\u00e1s con las obras \u201cMarcha Eslava, Op.31\u201d de Tchaikovsky y \u201cSerenata para cuerdas, Op. 22\u201d Antonin Dvorak.<\/p>\n\n\n\n<p>El costo de los boletos es planta baja $250.00, Mezzanine $200.00 y Galer\u00eda $120.00, los cuales pueden ser adquiridos en la plataforma NewTicket, y en taquillas del teatro el d\u00eda del concierto en un horario de 10 a 2 pm y 3 a 8:30 pm; inform\u00f3 en un comunicado la orquesta.<\/p>\n\n\n\n<p><\/p>\n","protected":false},"excerpt":{"rendered":"<p>Una historia de amor y tragedia sonar\u00e1 en el Teatro Isauro Mart\u00ednez, en la interpretaci\u00f3n de Camerata de Coahuila. Se trata de \u201cRomeo y Julieta\u201d que llega como parte del\u00a0cuarto &hellip; <a href=\"https:\/\/lavereda.com.mx\/index.php\/2022\/09\/22\/la-tragedia-de-shakespeare-romeo-y-julieta-en-la-musica-de-camerata\/\" class=\"more-link\">Leer m\u00e1s<\/a><\/p>\n","protected":false},"author":9,"featured_media":4172,"comment_status":"open","ping_status":"open","sticky":false,"template":"","format":"standard","meta":{"footnotes":""},"categories":[4],"tags":[],"class_list":["post-4171","post","type-post","status-publish","format-standard","has-post-thumbnail","hentry","category-musica","entry"],"_links":{"self":[{"href":"https:\/\/lavereda.com.mx\/index.php\/wp-json\/wp\/v2\/posts\/4171","targetHints":{"allow":["GET"]}}],"collection":[{"href":"https:\/\/lavereda.com.mx\/index.php\/wp-json\/wp\/v2\/posts"}],"about":[{"href":"https:\/\/lavereda.com.mx\/index.php\/wp-json\/wp\/v2\/types\/post"}],"author":[{"embeddable":true,"href":"https:\/\/lavereda.com.mx\/index.php\/wp-json\/wp\/v2\/users\/9"}],"replies":[{"embeddable":true,"href":"https:\/\/lavereda.com.mx\/index.php\/wp-json\/wp\/v2\/comments?post=4171"}],"version-history":[{"count":1,"href":"https:\/\/lavereda.com.mx\/index.php\/wp-json\/wp\/v2\/posts\/4171\/revisions"}],"predecessor-version":[{"id":4173,"href":"https:\/\/lavereda.com.mx\/index.php\/wp-json\/wp\/v2\/posts\/4171\/revisions\/4173"}],"wp:featuredmedia":[{"embeddable":true,"href":"https:\/\/lavereda.com.mx\/index.php\/wp-json\/wp\/v2\/media\/4172"}],"wp:attachment":[{"href":"https:\/\/lavereda.com.mx\/index.php\/wp-json\/wp\/v2\/media?parent=4171"}],"wp:term":[{"taxonomy":"category","embeddable":true,"href":"https:\/\/lavereda.com.mx\/index.php\/wp-json\/wp\/v2\/categories?post=4171"},{"taxonomy":"post_tag","embeddable":true,"href":"https:\/\/lavereda.com.mx\/index.php\/wp-json\/wp\/v2\/tags?post=4171"}],"curies":[{"name":"wp","href":"https:\/\/api.w.org\/{rel}","templated":true}]}}