{"id":4160,"date":"2022-09-17T02:29:58","date_gmt":"2022-09-17T02:29:58","guid":{"rendered":"http:\/\/lavereda.com.mx\/?p=4160"},"modified":"2022-09-17T02:29:59","modified_gmt":"2022-09-17T02:29:59","slug":"jovenes-laguneros-ofreceran-recital-de-piano","status":"publish","type":"post","link":"https:\/\/lavereda.com.mx\/index.php\/2022\/09\/17\/jovenes-laguneros-ofreceran-recital-de-piano\/","title":{"rendered":"J\u00f3venes laguneros ofrecer\u00e1n recital de piano"},"content":{"rendered":"\n<p>La m\u00fasica de 12 promesas laguneras en el piano, de 7 a 24 a\u00f1os de edad, podr\u00e1 disfrutarse este domingo 18 de septiembre a las 12:00 horas en el patio de la Casa Hist\u00f3rica del Museo Arocena, con entrada libre.<\/p>\n\n\n\n<p>Se trata de alumnas y alumnos de la maestra Mariana Chabukiani, talentosa concertino y pianista de la Camerata de Coahuila, quien ha desarrollado una destacada trayectoria como solista y maestra de este arte. Ellos van a presentar las obras de W.A.Mozart, L.v.Beethoven, F.Chopin, F.Liszt, V.Kalinnikov entre otros.&nbsp;<\/p>\n\n\n\n<p>Entre los j\u00f3venes pianistas que actuar\u00e1n este domingo, hay ganadores de concursos nacionales e internacionales, como Ra\u00fal Salazar Guti\u00e9rrez y Sergio Vargas Escoruela. Hay alumnos que han tocado con varias orquestas del pa\u00eds y han dado recitales en M\u00e9xico y en extranjero, coment\u00f3 la maestra Chabukiani.<\/p>\n\n\n\n<p>Destac\u00f3 que el recital est\u00e1 dirigido al p\u00fablico en general y el objetivo es promover el talento de los j\u00f3venes laguneros y dar oportunidad al p\u00fablico torreonense de conocer y disfrutar el arte pian\u00edstico.<\/p>\n\n\n\n<p>La duraci\u00f3n del concierto es de 1 hora 20 minutos aproximadamente.<\/p>\n\n\n\n<p>Foto: Joven pianista Ra\u00fal Salazar.<\/p>\n","protected":false},"excerpt":{"rendered":"<p>La m\u00fasica de 12 promesas laguneras en el piano, de 7 a 24 a\u00f1os de edad, podr\u00e1 disfrutarse este domingo 18 de septiembre a las 12:00 horas en el patio &hellip; <a href=\"https:\/\/lavereda.com.mx\/index.php\/2022\/09\/17\/jovenes-laguneros-ofreceran-recital-de-piano\/\" class=\"more-link\">Leer m\u00e1s<\/a><\/p>\n","protected":false},"author":9,"featured_media":2448,"comment_status":"open","ping_status":"open","sticky":false,"template":"","format":"standard","meta":{"footnotes":""},"categories":[18,4],"tags":[],"class_list":["post-4160","post","type-post","status-publish","format-standard","has-post-thumbnail","hentry","category-lomasrelevante","category-musica","entry"],"_links":{"self":[{"href":"https:\/\/lavereda.com.mx\/index.php\/wp-json\/wp\/v2\/posts\/4160","targetHints":{"allow":["GET"]}}],"collection":[{"href":"https:\/\/lavereda.com.mx\/index.php\/wp-json\/wp\/v2\/posts"}],"about":[{"href":"https:\/\/lavereda.com.mx\/index.php\/wp-json\/wp\/v2\/types\/post"}],"author":[{"embeddable":true,"href":"https:\/\/lavereda.com.mx\/index.php\/wp-json\/wp\/v2\/users\/9"}],"replies":[{"embeddable":true,"href":"https:\/\/lavereda.com.mx\/index.php\/wp-json\/wp\/v2\/comments?post=4160"}],"version-history":[{"count":1,"href":"https:\/\/lavereda.com.mx\/index.php\/wp-json\/wp\/v2\/posts\/4160\/revisions"}],"predecessor-version":[{"id":4161,"href":"https:\/\/lavereda.com.mx\/index.php\/wp-json\/wp\/v2\/posts\/4160\/revisions\/4161"}],"wp:featuredmedia":[{"embeddable":true,"href":"https:\/\/lavereda.com.mx\/index.php\/wp-json\/wp\/v2\/media\/2448"}],"wp:attachment":[{"href":"https:\/\/lavereda.com.mx\/index.php\/wp-json\/wp\/v2\/media?parent=4160"}],"wp:term":[{"taxonomy":"category","embeddable":true,"href":"https:\/\/lavereda.com.mx\/index.php\/wp-json\/wp\/v2\/categories?post=4160"},{"taxonomy":"post_tag","embeddable":true,"href":"https:\/\/lavereda.com.mx\/index.php\/wp-json\/wp\/v2\/tags?post=4160"}],"curies":[{"name":"wp","href":"https:\/\/api.w.org\/{rel}","templated":true}]}}