{"id":416,"date":"2020-08-16T17:22:20","date_gmt":"2020-08-16T17:22:20","guid":{"rendered":"https:\/\/web.lavereda.com.mx\/?p=416"},"modified":"2020-08-16T17:22:20","modified_gmt":"2020-08-16T17:22:20","slug":"que-se-acerque-al-tango-al-que-le-guste-la-musica-cesar-olguin","status":"publish","type":"post","link":"https:\/\/lavereda.com.mx\/index.php\/2020\/08\/16\/que-se-acerque-al-tango-al-que-le-guste-la-musica-cesar-olguin\/","title":{"rendered":"Que se acerque al tango al que le guste la m\u00fasica: C\u00e9sar Olgu\u00edn"},"content":{"rendered":"\n<p>Con m\u00e1s de 30 a\u00f1os de trayectoria, el bandoneonista argentino C\u00e9sar Olgu\u00edn se sinti\u00f3 contento de regresar a tocar con Camerata de Coahuila este pasado 2019, y a una ciudad que siempre lo recibe con entusiasmo, por ser el tango, un g\u00e9nero que ocupa un lugar especial entre los laguneros.<\/p>\n\n\n\n<p>En entrevista, record\u00f3 que desde hace alrededor de 15 a\u00f1os viene con cierta frecuencia a tocar como solista con la Camerata. \u201cSiempre es muy grato, tengo un gran cari\u00f1o por esta orquesta, por su director Ram\u00f3n Shade, esto ha quedado demostrado en tres discos. Y confiamos en que pr\u00f3ximamente podamos hacer otros discos m\u00e1s. Me siento honrado de venir a trabajar aqu\u00ed\u201d.<\/p>\n\n\n\n<p>El programa que este viernes 30 de agosto presenta en el Teatro Nazas, est\u00e1 dedicado al compositor argentino Astor Piazzolla, de quien expres\u00f3: \u201cSeguir\u00e1 siendo un referente muy fuerte en mi vida musical y en mi vida personal, no solo porque tuve la oportunidad de conocerlo, sino tambi\u00e9n porque ha sido un ejemplo su quehacer\u201d.<\/p>\n\n\n\n<blockquote class=\"wp-block-quote is-layout-flow wp-block-quote-is-layout-flow\"><p>&nbsp;\u201cPiazzolla sol\u00eda referirse a los tangueros que no ten\u00edan mucha inquietud de avanzar a nuevas fronteras, sobre todo los cantantes, los catalogaba como los viudos de Gardel. Estaba pensando que yo soy de los viudos de Piazzolla, aun con tantos a\u00f1os de su fallecimiento seguimos trabajando con su obra. Intento hacer otras cosas fuera de Piazzolla, pero un programa de tango dif\u00edcilmente se hace sin incluir a Gardel y tambi\u00e9n a Piazzolla\u201d.<\/p><\/blockquote>\n\n\n\n<p>Piazolla es garant\u00eda, opina C\u00e9sar Olgu\u00edn. \u201cHasta hace muy poco tiempo era el compositor contempor\u00e1neo m\u00e1s interpretado en el mundo, ha tenido esa capacidad de infiltrarse en todos los g\u00e9neros. El jazz, el rock, la m\u00fasica de concierto, sigue siendo una figura muy fuerte en el mundo de la m\u00fasica\u201d.<\/p>\n\n\n\n<p><em>\u00bfQu\u00e9 experiencia significa tocar tango con una orquesta grande?<\/em><\/p>\n\n\n\n<p>\u201cSon distintas caras de Piazzolla, he tocado Las 4 estaciones de Piazzolla en quinteto, en tr\u00edo esta versi\u00f3n es para orquesta, dir\u00eda que es lo mismo pero diferente\u201d.<\/p>\n\n\n\n<p>Acerca de la capacidad de los m\u00fasicos para tocar tango, se\u00f1al\u00f3:<\/p>\n\n\n\n<blockquote class=\"wp-block-quote is-layout-flow wp-block-quote-is-layout-flow\"><p>\u201cYo s\u00e9 que hay una brecha. Los m\u00fasicos cl\u00e1sicos&nbsp; ven a los populares con cierto recelo, y a la inversa: los populares que ven a los cl\u00e1sicos como muy formales pero que no saben tocar un huapango. Depende de cada m\u00fasico, An\u00edbal Troilo dec\u00eda: la m\u00fasica no se divide ni se clasifica. Hay m\u00fasica buena y m\u00fasica mala. Entonces yo no tengo un prejuicio si algo es m\u00fasica cl\u00e1sica o tango\u201d.<\/p><\/blockquote>\n\n\n\n<p>En cuanto a los arreglos para este programa, que incluye Tangazo, Oblivi\u00f3n, Milonga del \u00c1ngel y Adi\u00f3s Nonino, comparti\u00f3: \u00abalgunos atrevimientos son m\u00edos, algunos son transcripciones. Como ya lo hemos hecho varias veces, todo lo que tocamos est\u00e1 grabado, para mi es de placer y gozo. Me gustar\u00eda que podamos hacer otras cosas, vengo con una propuesta, yo digo perversa de a ver si podemos hacer algo diferente. Piazzolla hoy en d\u00eda es una garant\u00eda\u00bb.<\/p>\n\n\n\n<p><strong>DISCOS: NO SON RENTABLES<\/strong><\/p>\n\n\n\n<blockquote class=\"wp-block-quote is-layout-flow wp-block-quote-is-layout-flow\"><p>Para C\u00e9sar Olgu\u00edn \u201chacer discos desde que yo los hago, desde el a\u00f1o 95, nunca ha sido rentable. Nunca he ganado un miserable peso haciendo discos. Ha tenido otras repercusiones en mi trabajo, para mi el disco tiene un espacio vital, es dejar asentado algo para mi. Por lo dem\u00e1s todo pasa por las plataformas, el disco f\u00edsico pr\u00e1cticamente est\u00e1 desaparecido pero a mi me sigue interesando como objeto, de hecho el pr\u00f3ximo disco va a salir en vinilo\u201d.<\/p><\/blockquote>\n\n\n\n<p>Finalmente, el director y miembro fundador de la Orquesta Mexicana de Tango; lanz\u00f3 la siguiente invitaci\u00f3n al p\u00fablico: \u201cCreo que tiene que venir el publico que tenga la inquietud, que se quite del prejuicio que si sabe, si escuch\u00f3 o no tango. Muchos no sabemos ni la t\u00e9cnica ni el estilo en la pintura, es nada mas lo que un cuadro te pueda decir\u2026Que se acerque al tango el que le guste la m\u00fasica\u201d.<\/p>\n","protected":false},"excerpt":{"rendered":"<p>Con m\u00e1s de 30 a\u00f1os de trayectoria, el bandoneonista argentino C\u00e9sar Olgu\u00edn se sinti\u00f3 contento de regresar a tocar con Camerata de Coahuila este pasado 2019, y a una ciudad que siempre lo recibe con entusiasmo, por ser el tango, un g\u00e9nero que ocupa un lugar especial entre los laguneros.<\/p>\n","protected":false},"author":9,"featured_media":417,"comment_status":"open","ping_status":"open","sticky":false,"template":"","format":"standard","meta":{"footnotes":""},"categories":[4],"tags":[],"class_list":["post-416","post","type-post","status-publish","format-standard","has-post-thumbnail","hentry","category-musica","entry"],"_links":{"self":[{"href":"https:\/\/lavereda.com.mx\/index.php\/wp-json\/wp\/v2\/posts\/416","targetHints":{"allow":["GET"]}}],"collection":[{"href":"https:\/\/lavereda.com.mx\/index.php\/wp-json\/wp\/v2\/posts"}],"about":[{"href":"https:\/\/lavereda.com.mx\/index.php\/wp-json\/wp\/v2\/types\/post"}],"author":[{"embeddable":true,"href":"https:\/\/lavereda.com.mx\/index.php\/wp-json\/wp\/v2\/users\/9"}],"replies":[{"embeddable":true,"href":"https:\/\/lavereda.com.mx\/index.php\/wp-json\/wp\/v2\/comments?post=416"}],"version-history":[{"count":1,"href":"https:\/\/lavereda.com.mx\/index.php\/wp-json\/wp\/v2\/posts\/416\/revisions"}],"predecessor-version":[{"id":418,"href":"https:\/\/lavereda.com.mx\/index.php\/wp-json\/wp\/v2\/posts\/416\/revisions\/418"}],"wp:featuredmedia":[{"embeddable":true,"href":"https:\/\/lavereda.com.mx\/index.php\/wp-json\/wp\/v2\/media\/417"}],"wp:attachment":[{"href":"https:\/\/lavereda.com.mx\/index.php\/wp-json\/wp\/v2\/media?parent=416"}],"wp:term":[{"taxonomy":"category","embeddable":true,"href":"https:\/\/lavereda.com.mx\/index.php\/wp-json\/wp\/v2\/categories?post=416"},{"taxonomy":"post_tag","embeddable":true,"href":"https:\/\/lavereda.com.mx\/index.php\/wp-json\/wp\/v2\/tags?post=416"}],"curies":[{"name":"wp","href":"https:\/\/api.w.org\/{rel}","templated":true}]}}