{"id":4157,"date":"2022-09-16T19:46:19","date_gmt":"2022-09-16T19:46:19","guid":{"rendered":"http:\/\/lavereda.com.mx\/?p=4157"},"modified":"2022-09-16T19:46:20","modified_gmt":"2022-09-16T19:46:20","slug":"los-riesgos-del-ocio-45","status":"publish","type":"post","link":"https:\/\/lavereda.com.mx\/index.php\/2022\/09\/16\/los-riesgos-del-ocio-45\/","title":{"rendered":"Los riesgos del ocio"},"content":{"rendered":"\n<p>Este mes es cumplea\u00f1os de mi hija mayor, por lo tanto, tambi\u00e9n es mi treinta aniversario como mam\u00e1. Una maternidad muy dif\u00edcil, solitaria, violenta y forzada. No me preocupa tocar el tema, mis hijos ya lo saben.&nbsp;<\/p>\n\n\n\n<p>Me ha entrado la nostalgia, como cada septiembre por \u201cel hubiera\u201d, que, por otro lado, ya sabemos que no existe.&nbsp;<\/p>\n\n\n\n<p>Si hubiera tenido los conocimientos que tengo ahora sabr\u00eda que lo que me pas\u00f3 despu\u00e9s del parto, un sangrado exagerado, un dolor insoportable, como si fuera a parir otra vez, los rega\u00f1os de la enfermera en turno por&nbsp;<em>mi af\u00e1n<\/em>&nbsp;de llenar de sangre la cama cada hora, su negaci\u00f3n a traerme al doctor alegando que esos dolores \u201cdespu\u00e9s del parto son completamente normales ni\u00f1a, y lo que debes de hacer es dejar de retorcerte tanto, aguantarte y dejar de manchar las s\u00e1banas\u201d, como si el sangrar fuera algo que se hace a voluntad, fue violencia obst\u00e9trica.<\/p>\n\n\n\n<p>Si hubiera tenido m\u00e1s valor, habr\u00eda salido corriendo de la casa en donde dorm\u00eda en el piso, porque era demasiado trabajo bajar una cama y acomodarla para que pudiera estar m\u00e1s c\u00f3moda, y poderme levantar sin tanto esfuerzo, a ver a la ni\u00f1a que lloraba sin cesar y a qui\u00e9n no ten\u00eda la m\u00e1s remota idea de c\u00f3mo atender. Porque el pasmo por todo lo sucedido, la violencia con la que se inici\u00f3 el&nbsp;&nbsp;embarazo, los celos, las indagaciones por saber qui\u00e9n era el padre, la falta de apetito, los quince o m\u00e1s quilos perdidos, la anemia, atrofiaron mi entendimiento y todo lo que pod\u00eda hacer era guardarme unas l\u00e1grimas y unas ganas de salir corriendo que lograba aplacar con la culpa que se volvi\u00f3 mi permanente compa\u00f1era.<\/p>\n\n\n\n<p>Si hubiera sido m\u00e1s valiente me hab\u00eda dado cuenta de que la frase escuchada desde el inicio del embarazo \u201cvas a ver que me va a querer m\u00e1s a m\u00ed que a ti\u201d, no era algo dicho al viento, sino una amenaza que estaba dispuesta a ser cumplida, la amenaza que alej\u00f3 a esa ni\u00f1a de mis brazos, por m\u00e1s de veintitantos a\u00f1os. La amenaza no solo de impedir una relaci\u00f3n, sino de hacer que esa peque\u00f1a creyera una sarta de mentiras que por otro lado no estaba en edad de que se le fueran dichas, afirmaciones como \u201ctu madre es una puta\u201d o \u201cdile a tu mamita que no me deje\u201d, \u201cf\u00edjate, tu mamita se quiere ir, quiere destruir esto que tenemos\u201d, \u201cno le doy dinero a tu mam\u00e1 porque se lo gasta con sus amantes\u201d.&nbsp;<\/p>\n\n\n\n<p>Podr\u00eda haber sido m\u00e1s juiciosa y saber que escapar era lo sensato. Gastar esos \u00faltimos d\u00f3lares escondidos, en un pasaje de autob\u00fas, aceptar el apoyo de la amiga que me ofreci\u00f3 su casa, creer que la vida pod\u00eda ser m\u00e1s que el hambre que constantemente ten\u00eda, la falta de energ\u00eda, el sentido del deber que me hac\u00eda levantarme m\u00e1s temprano que nadie, salir bajo la monz\u00f3nica lluvia y llegar a trabajar con los pies acalambrados por el agua, el fr\u00edo, el cansancio.<\/p>\n\n\n\n<p>En fin, una cantidad de hubiera que pienso habr\u00edan hecho m\u00e1s f\u00e1cil este camino que iniciamos apenas hace unos a\u00f1os. El camino que nos ha llevado a aceptarnos, a escucharnos, a saber, que pese a todo lo vivido, todo lo padecido, somos madre e hija; un v\u00ednculo que todav\u00eda seguimos descubriendo en qu\u00e9 consiste, pero que ya no nos deja pasmadas, con el abrazo a medias, con las palabras sin ser dichas, ni con la furia de no haber sido lo que se pudo ser.<\/p>\n\n\n\n<p>La rabia, la tristeza, el miedo y la anemia (emocional y f\u00edsica) se est\u00e1n superando. Todav\u00eda me sigue invadiendo la nostalgia en septiembre, pero tambi\u00e9n la esperanza de que las cosas, los sentimientos, las relaciones van tomando su rumbo, a pesar del monstruo.&nbsp;<\/p>\n","protected":false},"excerpt":{"rendered":"<p>Este mes es cumplea\u00f1os de mi hija mayor, por lo tanto, tambi\u00e9n es mi treinta aniversario como mam\u00e1. Una maternidad muy dif\u00edcil, solitaria, violenta y forzada. No me preocupa tocar &hellip; <a href=\"https:\/\/lavereda.com.mx\/index.php\/2022\/09\/16\/los-riesgos-del-ocio-45\/\" class=\"more-link\">Leer m\u00e1s<\/a><\/p>\n","protected":false},"author":11,"featured_media":4158,"comment_status":"open","ping_status":"open","sticky":false,"template":"","format":"standard","meta":{"footnotes":""},"categories":[9],"tags":[],"class_list":["post-4157","post","type-post","status-publish","format-standard","has-post-thumbnail","hentry","category-opinion","entry"],"_links":{"self":[{"href":"https:\/\/lavereda.com.mx\/index.php\/wp-json\/wp\/v2\/posts\/4157","targetHints":{"allow":["GET"]}}],"collection":[{"href":"https:\/\/lavereda.com.mx\/index.php\/wp-json\/wp\/v2\/posts"}],"about":[{"href":"https:\/\/lavereda.com.mx\/index.php\/wp-json\/wp\/v2\/types\/post"}],"author":[{"embeddable":true,"href":"https:\/\/lavereda.com.mx\/index.php\/wp-json\/wp\/v2\/users\/11"}],"replies":[{"embeddable":true,"href":"https:\/\/lavereda.com.mx\/index.php\/wp-json\/wp\/v2\/comments?post=4157"}],"version-history":[{"count":1,"href":"https:\/\/lavereda.com.mx\/index.php\/wp-json\/wp\/v2\/posts\/4157\/revisions"}],"predecessor-version":[{"id":4159,"href":"https:\/\/lavereda.com.mx\/index.php\/wp-json\/wp\/v2\/posts\/4157\/revisions\/4159"}],"wp:featuredmedia":[{"embeddable":true,"href":"https:\/\/lavereda.com.mx\/index.php\/wp-json\/wp\/v2\/media\/4158"}],"wp:attachment":[{"href":"https:\/\/lavereda.com.mx\/index.php\/wp-json\/wp\/v2\/media?parent=4157"}],"wp:term":[{"taxonomy":"category","embeddable":true,"href":"https:\/\/lavereda.com.mx\/index.php\/wp-json\/wp\/v2\/categories?post=4157"},{"taxonomy":"post_tag","embeddable":true,"href":"https:\/\/lavereda.com.mx\/index.php\/wp-json\/wp\/v2\/tags?post=4157"}],"curies":[{"name":"wp","href":"https:\/\/api.w.org\/{rel}","templated":true}]}}