{"id":4144,"date":"2022-09-13T02:22:54","date_gmt":"2022-09-13T02:22:54","guid":{"rendered":"http:\/\/lavereda.com.mx\/?p=4144"},"modified":"2022-09-13T02:27:41","modified_gmt":"2022-09-13T02:27:41","slug":"presentan-dueto-de-son-jarocho-y-musica-mexicana","status":"publish","type":"post","link":"https:\/\/lavereda.com.mx\/index.php\/2022\/09\/13\/presentan-dueto-de-son-jarocho-y-musica-mexicana\/","title":{"rendered":"Presentan dueto de son jarocho y m\u00fasica mexicana"},"content":{"rendered":"\n<ul class=\"wp-block-list\"><li><em>Diana R. Valdez en la jarana y voz y Ra\u00fal J\u00e1quez en requinto y jarocho y guitarra<\/em><\/li><\/ul>\n\n\n\n<p>Este 14 de septiembre contin\u00faan los mi\u00e9rcoles musicales en <em>Valencia Caficultura<\/em>, ahora con la presentaci\u00f3n de un dueto de Son jarocho y m\u00fasica mexicana integrado por Diana R. Valdez en la jarana y voz, y Ra\u00fal J\u00e1quez el requinto jarocho y guitarra electroac\u00fastica.<\/p>\n\n\n\n<p>Muy cerca del d\u00eda de interdependencia, este dueto traer\u00e1 una exquisita selecci\u00f3n de canciones del sur y m\u00fasica mexicana, para celebrar este mes patrio.<\/p>\n\n\n\n<p>El programa que presentar\u00e1n se titula \u201cSon pa\u00b4ti\u201d e incluye canciones tradicionales del Ixtmo de Tehuantepec como La Zandunga o La Llorona, sones tradicionales jarochos como La bruja, el butaquito, Sembrando flores, El balaj\u00fa, La bamba, El cascabel, entre otras.&nbsp;<\/p>\n\n\n\n<p>Tambi\u00e9n incluir\u00e1n boleros y canciones mexicanas de autores como \u00c1lvaro Carrillo, Armando Manzanero y Jos\u00e9 Alfredo Jim\u00e9nez en el repertorio. La presentaci\u00f3n iniciar\u00e1 a las 20:00 horas.<\/p>\n\n\n\n<p>Diana es\u00a0cantante y docente con inquietud por los procesos colectivos, la m\u00fasica de tradici\u00f3n oral y la voz. Originaria de Torre\u00f3n Coahuila, sus inquietudes la han llevado a experimentar con el son jarocho, el canto cardenche y la\u00a0cumbia tradicional colombiana. <\/p>\n\n\n\n<p>Se ha involucrado con ensambles vocales independientes como el Coro Acardenchado y R\u00edo de canto, mientras que en el \u00e1mbito educativo, ha cantado con Voces de la tierra de la Universidad Veracruzana y el Coro de la Universidad del Claustro de Sor Juana.<\/p>\n\n\n\n<p>Ra\u00fal J\u00e1quez&nbsp;es acordeonista, bandoneonista y guitarrista. Su repertorio incluye principalmente tango, sin embargo, tambi\u00e9n toca otros g\u00e9neros como el vals musset, m\u00fasica italiana, espa\u00f1ola, vallenato, jazz, baladas, m\u00fasica francesa, m\u00fasica popular mexicana, etc.<\/p>\n\n\n\n<p>Ha sido acreedor a la beca del Programa de Est\u00edmulos a la Creaci\u00f3n y Desarrollo Art\u00edstico de Coahuila (PECDA), para estudiar bandone\u00f3n con el prestigiado maestro C\u00e9sar Olgu\u00edn. Es compositor de m\u00fasica infantil y maestro de m\u00fasica en primaria y licenciatura.<\/p>\n\n\n\n\n\n<p><\/p>\n","protected":false},"excerpt":{"rendered":"<p>Diana R. Valdez en la jarana y voz y Ra\u00fal J\u00e1quez en requinto y jarocho y guitarra Este 14 de septiembre contin\u00faan los mi\u00e9rcoles musicales en Valencia Caficultura, ahora con &hellip; <a href=\"https:\/\/lavereda.com.mx\/index.php\/2022\/09\/13\/presentan-dueto-de-son-jarocho-y-musica-mexicana\/\" class=\"more-link\">Leer m\u00e1s<\/a><\/p>\n","protected":false},"author":9,"featured_media":4145,"comment_status":"open","ping_status":"open","sticky":false,"template":"","format":"standard","meta":{"footnotes":""},"categories":[4],"tags":[],"class_list":["post-4144","post","type-post","status-publish","format-standard","has-post-thumbnail","hentry","category-musica","entry"],"_links":{"self":[{"href":"https:\/\/lavereda.com.mx\/index.php\/wp-json\/wp\/v2\/posts\/4144","targetHints":{"allow":["GET"]}}],"collection":[{"href":"https:\/\/lavereda.com.mx\/index.php\/wp-json\/wp\/v2\/posts"}],"about":[{"href":"https:\/\/lavereda.com.mx\/index.php\/wp-json\/wp\/v2\/types\/post"}],"author":[{"embeddable":true,"href":"https:\/\/lavereda.com.mx\/index.php\/wp-json\/wp\/v2\/users\/9"}],"replies":[{"embeddable":true,"href":"https:\/\/lavereda.com.mx\/index.php\/wp-json\/wp\/v2\/comments?post=4144"}],"version-history":[{"count":4,"href":"https:\/\/lavereda.com.mx\/index.php\/wp-json\/wp\/v2\/posts\/4144\/revisions"}],"predecessor-version":[{"id":4151,"href":"https:\/\/lavereda.com.mx\/index.php\/wp-json\/wp\/v2\/posts\/4144\/revisions\/4151"}],"wp:featuredmedia":[{"embeddable":true,"href":"https:\/\/lavereda.com.mx\/index.php\/wp-json\/wp\/v2\/media\/4145"}],"wp:attachment":[{"href":"https:\/\/lavereda.com.mx\/index.php\/wp-json\/wp\/v2\/media?parent=4144"}],"wp:term":[{"taxonomy":"category","embeddable":true,"href":"https:\/\/lavereda.com.mx\/index.php\/wp-json\/wp\/v2\/categories?post=4144"},{"taxonomy":"post_tag","embeddable":true,"href":"https:\/\/lavereda.com.mx\/index.php\/wp-json\/wp\/v2\/tags?post=4144"}],"curies":[{"name":"wp","href":"https:\/\/api.w.org\/{rel}","templated":true}]}}