{"id":413,"date":"2020-08-16T17:15:21","date_gmt":"2020-08-16T17:15:21","guid":{"rendered":"https:\/\/web.lavereda.com.mx\/?p=413"},"modified":"2020-08-16T17:15:21","modified_gmt":"2020-08-16T17:15:21","slug":"ruby-gamez-gana-premio-nacional-de-danza-jose-limon","status":"publish","type":"post","link":"https:\/\/lavereda.com.mx\/index.php\/2020\/08\/16\/ruby-gamez-gana-premio-nacional-de-danza-jose-limon\/","title":{"rendered":"Ruby G\u00e1mez gana Premio Nacional de Danza Jos\u00e9 Lim\u00f3n"},"content":{"rendered":"\n<p>Con casi 40 a\u00f1os de carrera art\u00edstica, Ruby G\u00e1mez, bailar\u00edn y core\u00f3grafo quien es maestro de la Escuela Municipal de Danza Contempor\u00e1nea de Torre\u00f3n; ha sido ganador del Premio Nacional de Danza Contempor\u00e1nea Jos\u00e9 Lim\u00f3n; inform\u00f3 el Instituto Nacional de Bellas Artes y Literatura (INBAL).<\/p>\n\n\n\n<p>Originario de Monterrey, Nuevo Le\u00f3n; Ruby ha sido tambi\u00e9n miembro del Sistema Nacional de Creadores de Arte en diversas ocasiones y se ha caracterizado por llevar a varios rincones del pa\u00eds un arte danc\u00edstico de vanguardia. Actualmente radica en La Laguna.<\/p>\n\n\n\n<p>El premio, que recibir\u00e1 este a\u00f1o en cuanto se re programe el Festival Internacional de Danza Jos\u00e9 Lim\u00f3n en Sinaloa; se considera \u201cla m\u00e1xima condecoraci\u00f3n que se otorga en nuestro pa\u00eds a personalidades que han contribuido al quehacer danc\u00edstico nacional\u201d.<\/p>\n\n\n\n<blockquote class=\"wp-block-quote is-layout-flow wp-block-quote-is-layout-flow\"><p>En entrevista para La Vereda, el artista expres\u00f3: \u201cCreo que que este Premio ser\u00e1 hist\u00f3rico por el contexto en el que el mundo se encuentra en estos momentos, me siento muy muy halagado de estar junto a nombres como el de Guillermina Bravo, Ra\u00fal Flores Canelo, Victoria Camero, Laura Rocha, Pilar Medina y todos los que integran esta lista desde 1988, y por supuesto recibir un premio que lleva el nombre de Jos\u00e9 Lim\u00f3n es un&nbsp; honor\u201d.<\/p><\/blockquote>\n\n\n\n<p>A la pregunta \u00bfCu\u00e1l ser\u00e1 su compromiso al recibir este premio? El bailar\u00edn comparti\u00f3:<\/p>\n\n\n\n<blockquote class=\"wp-block-quote is-layout-flow wp-block-quote-is-layout-flow\"><p>\u201cEl mismo compromiso que tengo todos los d\u00edas durante casi 40 a\u00f1os, ser puntual, responsable, honesto, tratar de ser un buen maestro y mejor persona, no quedarme &nbsp; con el primer trazo de la creaci\u00f3n coreogr\u00e1fica en turno, entrenarme, ser curioso y reconocer que soy ignorante en otras tantas cosas. comprometerme con el p\u00fablico\u201d.<\/p><\/blockquote>\n\n\n\n<p>Ruby comparti\u00f3 que fue postulado para este premio gracias al maestro Ricardo Marcos presidente de Conarte Nuevo Le\u00f3n; y a la Comisi\u00f3n de Danza de Conarte. El monto es de 80 mil pesos.<\/p>\n\n\n\n<p><strong>\u00cdNTEGRA DEDICACI\u00d3N<\/strong><\/p>\n\n\n\n<p>El INBAL dio a conocer en un comunicado que el jurado -integrado por los core\u00f3grafos Laura Rocha, V\u00edctor Ruiz y Mauricio Nava- declar\u00f3 ganador por unanimidad al artista regiomontano \u201cpor su \u00edntegra dedicaci\u00f3n a la creaci\u00f3n e interpretaci\u00f3n danc\u00edstica, que ha trascendido a trav\u00e9s de los a\u00f1os y que contin\u00faan vigentes hasta el d\u00eda de hoy\u201d.&nbsp;<\/p>\n\n\n\n<p>\u201cHemos considerado, adem\u00e1s de su memorable desempe\u00f1o como int\u00e9rprete, su labor en la creaci\u00f3n coreogr\u00e1fica, la cual resulta imprescindible en la historia de la danza contempor\u00e1nea mexicana, destacando adem\u00e1s su important\u00edsima labor como docente, siendo impulsor tanto de la instrucci\u00f3n acad\u00e9mica como de la educaci\u00f3n no formal en danza a lo largo de todo el pa\u00eds. Ruby G\u00e1mez representa a los colegas de la danza esc\u00e9nica que cotidianamente y de manera discreta se involucran y comprometen en la construcci\u00f3n cultural de nuestra sociedad\u201d.<\/p>\n","protected":false},"excerpt":{"rendered":"<p>Con casi 40 a\u00f1os de carrera art\u00edstica, Ruby G\u00e1mez, bailar\u00edn y core\u00f3grafo quien es maestro de la Escuela Municipal de Danza Contempor\u00e1nea de Torre\u00f3n; ha sido ganador del Premio Nacional de Danza Contempor\u00e1nea Jos\u00e9 Lim\u00f3n; inform\u00f3 el Instituto Nacional de Bellas Artes y Literatura (INBAL).<\/p>\n","protected":false},"author":9,"featured_media":414,"comment_status":"open","ping_status":"open","sticky":false,"template":"","format":"standard","meta":{"footnotes":""},"categories":[2],"tags":[],"class_list":["post-413","post","type-post","status-publish","format-standard","has-post-thumbnail","hentry","category-artes-escenicas","entry"],"_links":{"self":[{"href":"https:\/\/lavereda.com.mx\/index.php\/wp-json\/wp\/v2\/posts\/413","targetHints":{"allow":["GET"]}}],"collection":[{"href":"https:\/\/lavereda.com.mx\/index.php\/wp-json\/wp\/v2\/posts"}],"about":[{"href":"https:\/\/lavereda.com.mx\/index.php\/wp-json\/wp\/v2\/types\/post"}],"author":[{"embeddable":true,"href":"https:\/\/lavereda.com.mx\/index.php\/wp-json\/wp\/v2\/users\/9"}],"replies":[{"embeddable":true,"href":"https:\/\/lavereda.com.mx\/index.php\/wp-json\/wp\/v2\/comments?post=413"}],"version-history":[{"count":1,"href":"https:\/\/lavereda.com.mx\/index.php\/wp-json\/wp\/v2\/posts\/413\/revisions"}],"predecessor-version":[{"id":415,"href":"https:\/\/lavereda.com.mx\/index.php\/wp-json\/wp\/v2\/posts\/413\/revisions\/415"}],"wp:featuredmedia":[{"embeddable":true,"href":"https:\/\/lavereda.com.mx\/index.php\/wp-json\/wp\/v2\/media\/414"}],"wp:attachment":[{"href":"https:\/\/lavereda.com.mx\/index.php\/wp-json\/wp\/v2\/media?parent=413"}],"wp:term":[{"taxonomy":"category","embeddable":true,"href":"https:\/\/lavereda.com.mx\/index.php\/wp-json\/wp\/v2\/categories?post=413"},{"taxonomy":"post_tag","embeddable":true,"href":"https:\/\/lavereda.com.mx\/index.php\/wp-json\/wp\/v2\/tags?post=413"}],"curies":[{"name":"wp","href":"https:\/\/api.w.org\/{rel}","templated":true}]}}