{"id":4109,"date":"2022-09-05T15:03:04","date_gmt":"2022-09-05T15:03:04","guid":{"rendered":"http:\/\/lavereda.com.mx\/?p=4109"},"modified":"2022-09-05T15:09:54","modified_gmt":"2022-09-05T15:09:54","slug":"extraordinariamente-septiembre","status":"publish","type":"post","link":"https:\/\/lavereda.com.mx\/index.php\/2022\/09\/05\/extraordinariamente-septiembre\/","title":{"rendered":"Teatros presentan agenda de septiembre"},"content":{"rendered":"\n<p>El Teatro Isauro Mart\u00ednez y el Teatro Alfonso Garibay se unen e inician sus actividades culturales del mes de septiembre con la premiaci\u00f3n del concurso Premio Solos Danza 2022.<\/p>\n\n\n\n<p>El martes trece de septiembre se tendr\u00e1 una Velada Mexicana con el mariachi y Ballet folklorico de la Universidad Aut\u00f3noma de la Laguna a las 7:00 pm, con entrada libre en el Teatro Isauro Mart\u00ednez, escucharemos m\u00fasica de diferentes regiones, adem\u00e1s el ballet presentar\u00e1 un cuadro de Zacatecas, sones de tambora de Jerez y Colima,&nbsp; regi\u00f3n centro Fiestas charrotaurinas de Villa de \u00c1lvarez.<\/p>\n\n\n\n<p>La Danza&nbsp; espa\u00f1ola con las alumnas de&nbsp; Amaya Compa\u00f1\u00eda Flamenco nos invitan al espect\u00e1culo Bravura flamenca el martes 20 a las 7:00 pm en el teatro Garibay. Dicha academia se caracteriza por mezclar la danza espa\u00f1ola con el flamenco que a decir de su directora Mariana&nbsp; la danza espa\u00f1ola a comparaci\u00f3n del flamenco, es m\u00e1s estilizada en cambio en&nbsp; el flamenco es con m\u00e1s fuerza.<\/p>\n\n\n\n<p>Para el jueves 22 se inaugurar\u00e1 en coordinaci\u00f3n con el Instituto Municipal de Cultura de Torre\u00f3n la obra pict\u00f3rica 115 a\u00f1os, 115 artistas en&nbsp; Galer\u00eda de arte Moderno a las&nbsp; 7:30 pm. Esta muestra es una compilaci\u00f3n de grandes artistas haciendo un recuento hist\u00f3rico de principios del siglos hasta nuestros d\u00edas, con esta exhibici\u00f3n nos unimos a los festejos de los&nbsp; 115 a\u00f1os&nbsp; de nuestra&nbsp; ciudad.<\/p>\n\n\n\n<p>Finalmente el&nbsp; taller de teatro de la UTT que dirige Guillermo P\u00e9rez, presentar\u00e1 la obra de teatro \u201cUn d\u00eda sin sol\u201d, esta obra trata de un enamorado que al perder a su amada, pide con todas sus fuerzas que no vuelva a aparecer el sol, entonces Coyolxahuqui la Diosa Azteca de la luna aprovecha y los seres de la noche se confabulan para acabar con Huitzilopochtli, Dios del Sol. La presentaci\u00f3n ser\u00e1 el jueves 29 a las 6:00 pm, en el Teatro Alfonso Garibay con entrada libre.<\/p>\n","protected":false},"excerpt":{"rendered":"<p>El Teatro Isauro Mart\u00ednez y el Teatro Alfonso Garibay se unen e inician sus actividades culturales del mes de septiembre con la premiaci\u00f3n del concurso Premio Solos Danza 2022. El &hellip; <a href=\"https:\/\/lavereda.com.mx\/index.php\/2022\/09\/05\/extraordinariamente-septiembre\/\" class=\"more-link\">Leer m\u00e1s<\/a><\/p>\n","protected":false},"author":17,"featured_media":4110,"comment_status":"open","ping_status":"open","sticky":false,"template":"","format":"standard","meta":{"footnotes":""},"categories":[2,18],"tags":[],"class_list":["post-4109","post","type-post","status-publish","format-standard","has-post-thumbnail","hentry","category-artes-escenicas","category-lomasrelevante","entry"],"_links":{"self":[{"href":"https:\/\/lavereda.com.mx\/index.php\/wp-json\/wp\/v2\/posts\/4109","targetHints":{"allow":["GET"]}}],"collection":[{"href":"https:\/\/lavereda.com.mx\/index.php\/wp-json\/wp\/v2\/posts"}],"about":[{"href":"https:\/\/lavereda.com.mx\/index.php\/wp-json\/wp\/v2\/types\/post"}],"author":[{"embeddable":true,"href":"https:\/\/lavereda.com.mx\/index.php\/wp-json\/wp\/v2\/users\/17"}],"replies":[{"embeddable":true,"href":"https:\/\/lavereda.com.mx\/index.php\/wp-json\/wp\/v2\/comments?post=4109"}],"version-history":[{"count":4,"href":"https:\/\/lavereda.com.mx\/index.php\/wp-json\/wp\/v2\/posts\/4109\/revisions"}],"predecessor-version":[{"id":4115,"href":"https:\/\/lavereda.com.mx\/index.php\/wp-json\/wp\/v2\/posts\/4109\/revisions\/4115"}],"wp:featuredmedia":[{"embeddable":true,"href":"https:\/\/lavereda.com.mx\/index.php\/wp-json\/wp\/v2\/media\/4110"}],"wp:attachment":[{"href":"https:\/\/lavereda.com.mx\/index.php\/wp-json\/wp\/v2\/media?parent=4109"}],"wp:term":[{"taxonomy":"category","embeddable":true,"href":"https:\/\/lavereda.com.mx\/index.php\/wp-json\/wp\/v2\/categories?post=4109"},{"taxonomy":"post_tag","embeddable":true,"href":"https:\/\/lavereda.com.mx\/index.php\/wp-json\/wp\/v2\/tags?post=4109"}],"curies":[{"name":"wp","href":"https:\/\/api.w.org\/{rel}","templated":true}]}}