{"id":4105,"date":"2022-09-05T01:52:04","date_gmt":"2022-09-05T01:52:04","guid":{"rendered":"http:\/\/lavereda.com.mx\/?p=4105"},"modified":"2022-09-05T02:15:33","modified_gmt":"2022-09-05T02:15:33","slug":"rendiran-homenaje-la-gran-pilar-rioja","status":"publish","type":"post","link":"https:\/\/lavereda.com.mx\/index.php\/2022\/09\/05\/rendiran-homenaje-la-gran-pilar-rioja\/","title":{"rendered":"Rendir\u00e1n homenaje a la gran Pilar Rioja"},"content":{"rendered":"\n<p>Pilar Rioja es la bailarina y una de las artistas laguneras que m\u00e1s ha puesto en alto el nombre de Torre\u00f3n y la Comarca, no s\u00f3lo en M\u00e9xico sino en el mundo.<\/p>\n\n\n\n<p>Este 22 de septiembre en el Teatro Isauro Mart\u00ednez se realizar\u00e1 el&nbsp;\u201cHomenaje a Pila Rioja: 90 a\u00f1os de pasi\u00f3n\u201d, organizado por su sobrino Eduardo Rioja, quien adem\u00e1s es autor del libro&nbsp;\u201cPilar Rioja, remembranzas\u201d, un gran documento con fotograf\u00edas de los a\u00f1os recientes de la bailarina de danza espa\u00f1ola, que ser\u00e1 obsequiado a los asistentes ese d\u00eda con la compra del boleto de entrada.<\/p>\n\n\n\n<p>Eduardo Rioja comparti\u00f3 que el homenaje iniciar\u00e1 con un video de introducci\u00f3n al libro fotogr\u00e1fico, el cual es un compendio de 70 fotograf\u00edas que \u00e9l mismo le tom\u00f3 a Pilar en sus \u00faltimos a\u00f1os como bailarina, hasta cumplir sus 80 a\u00f1os de&nbsp;&nbsp;edad.<\/p>\n\n\n\n<p>En el libro&nbsp;tambi\u00e9n reuni\u00f3 an\u00e9cdotas de distintas personalidades de M\u00e9xico y el extranjero que compartieron la danza con ella.<\/p>\n\n\n\n<p>En el homenaje habr\u00e1 un n\u00famero danc\u00edstico montado por la propia Pilar Rioja, con un cuadro de baile de alumnas suyas y tambi\u00e9n paticipar\u00e1 la Academia Rioja de Torre\u00f3n, todo el espect\u00e1culo estar\u00e1 intercalado con videos sobre Pilar, detall\u00f3 Eduardo.<\/p>\n\n\n\n<p>El homenaje dar\u00e1 inicio a las 19:30 horas y el costo del boleto es de $500.<\/p>\n\n\n\n<p><strong>TRAYECTORIA<\/strong><\/p>\n\n\n\n<p>Pilar Rioja&nbsp;ha bailado y ha dejado de huella por m\u00e1s de medio siglo tanto en Torre\u00f3n, M\u00e9xico, Latinoam\u00e9rica, Estados Unidos (con gran \u00e9xito en Nueva York) Europa y la Uni\u00f3n Sovi\u00e9tica.&nbsp;<\/p>\n\n\n\n<p>\u201cEs el ejemplo vivo de que el arte sin pasi\u00f3n y entrega, simplemente no existir\u00eda. Pilar es incansable, porque cuando no ha estado bailando, se ha dedicado siempre a ense\u00f1ar, misma haza\u00f1a que conserva con orgullo su hermana Milagros Rioja aqu\u00ed en esta ciudad\u201d, se detalla en el libro \u201cGrandiosas: ensayos sobre g\u00e9nero e historia de las mujeres en Torre\u00f3n\u201d.<\/p>\n\n\n\n<p>Pilar naci\u00f3 en Torre\u00f3n el 13 de septiembre de 1932. Despu\u00e9s de realizar sus estudios fundamentales (de danza, primaria y secundaria, etc.) se traslad\u00f3 en 1950 a la Ciudad de M\u00e9xico, donde comenz\u00f3 sus faenas de aprendizaje con el maestro \u00d3scar Tarriba quien la aconsej\u00f3 para que se dedicara profesionalmente a la danza. Antes, Pilar bail\u00f3 en teatros de Torre\u00f3n acompa\u00f1ada por su hermana Milagros. Desde ah\u00ed inici\u00f3 una carrera que la llev\u00f3 por los mejores escenarios de M\u00e9xico y otros pa\u00edses.<\/p>\n\n\n\n<p>Actu\u00f3 en Bellas Artes, realiz\u00f3 giras por la Uni\u00f3n Sovi\u00e9tica, M\u00e9xico y Espa\u00f1a, por Cuba y Nueva York.<\/p>\n\n\n\n<p>\u201cYo lo que quiero es bailar, bailar, bailar\u2026 la \u00fanica situaci\u00f3n en la que me siento agusto es bailando\u201d, afirmaba.<\/p>\n","protected":false},"excerpt":{"rendered":"<p>Pilar Rioja es la bailarina y una de las artistas laguneras que m\u00e1s ha puesto en alto el nombre de Torre\u00f3n y la Comarca, no s\u00f3lo en M\u00e9xico sino en &hellip; <a href=\"https:\/\/lavereda.com.mx\/index.php\/2022\/09\/05\/rendiran-homenaje-la-gran-pilar-rioja\/\" class=\"more-link\">Leer m\u00e1s<\/a><\/p>\n","protected":false},"author":9,"featured_media":4106,"comment_status":"open","ping_status":"open","sticky":false,"template":"","format":"standard","meta":{"footnotes":""},"categories":[2,18],"tags":[],"class_list":["post-4105","post","type-post","status-publish","format-standard","has-post-thumbnail","hentry","category-artes-escenicas","category-lomasrelevante","entry"],"_links":{"self":[{"href":"https:\/\/lavereda.com.mx\/index.php\/wp-json\/wp\/v2\/posts\/4105","targetHints":{"allow":["GET"]}}],"collection":[{"href":"https:\/\/lavereda.com.mx\/index.php\/wp-json\/wp\/v2\/posts"}],"about":[{"href":"https:\/\/lavereda.com.mx\/index.php\/wp-json\/wp\/v2\/types\/post"}],"author":[{"embeddable":true,"href":"https:\/\/lavereda.com.mx\/index.php\/wp-json\/wp\/v2\/users\/9"}],"replies":[{"embeddable":true,"href":"https:\/\/lavereda.com.mx\/index.php\/wp-json\/wp\/v2\/comments?post=4105"}],"version-history":[{"count":2,"href":"https:\/\/lavereda.com.mx\/index.php\/wp-json\/wp\/v2\/posts\/4105\/revisions"}],"predecessor-version":[{"id":4108,"href":"https:\/\/lavereda.com.mx\/index.php\/wp-json\/wp\/v2\/posts\/4105\/revisions\/4108"}],"wp:featuredmedia":[{"embeddable":true,"href":"https:\/\/lavereda.com.mx\/index.php\/wp-json\/wp\/v2\/media\/4106"}],"wp:attachment":[{"href":"https:\/\/lavereda.com.mx\/index.php\/wp-json\/wp\/v2\/media?parent=4105"}],"wp:term":[{"taxonomy":"category","embeddable":true,"href":"https:\/\/lavereda.com.mx\/index.php\/wp-json\/wp\/v2\/categories?post=4105"},{"taxonomy":"post_tag","embeddable":true,"href":"https:\/\/lavereda.com.mx\/index.php\/wp-json\/wp\/v2\/tags?post=4105"}],"curies":[{"name":"wp","href":"https:\/\/api.w.org\/{rel}","templated":true}]}}