{"id":4096,"date":"2022-09-01T02:19:50","date_gmt":"2022-09-01T02:19:50","guid":{"rendered":"http:\/\/lavereda.com.mx\/?p=4096"},"modified":"2022-09-01T02:19:51","modified_gmt":"2022-09-01T02:19:51","slug":"territorios-una-mirada-profunda-de-mexico-a-traves-de-la-fotografia","status":"publish","type":"post","link":"https:\/\/lavereda.com.mx\/index.php\/2022\/09\/01\/territorios-una-mirada-profunda-de-mexico-a-traves-de-la-fotografia\/","title":{"rendered":"Territorios: una mirada profunda de M\u00e9xico a trav\u00e9s de la fotograf\u00eda"},"content":{"rendered":"\n<ul class=\"wp-block-list\"><li><em>La inauguraci\u00f3n de esta exposici\u00f3n organizada en cinco n\u00facleos tem\u00e1ticos: Volcanes, Ciudad, Destrucci\u00f3n, Fronteras y Biodiversidad, se realiz\u00f3 en el Anexo Edifico Russek del Museo Arocena<\/em><\/li><\/ul>\n\n\n\n<p>Junto a la prestigiosa Fundaci\u00f3n BBVA M\u00e9xico, el Museo Arocena inaugur\u00f3 la semana pasada la exposici\u00f3n\u00a0<em>Territorios<\/em>, con obra del fot\u00f3grafo y cineasta mexicano Santiago Arau (Ciudad de M\u00e9xico, 1980), que re\u00fane 118 piezas que sacuden, replantean, dialogan e incitan al espectador a relacionarse con el territorio desde el asombro y la conservaci\u00f3n.<\/p>\n\n\n\n<p><em>Territorios<\/em>, la primera exposici\u00f3n individual de Arau, re\u00fane siete a\u00f1os de trabajo y 33,302 km de recorrido a lo largo, ancho, alto y profundo de la Rep\u00fablica Mexicana. Con pericia documental y curiosidad art\u00edstica, Santiago recompone la realidad del paisaje a\u00e9reo y terrestre. Ya sea pilotando un dron en la cima de un volc\u00e1n, con c\u00e1mara en mano desde un helic\u00f3ptero o disparando a trav\u00e9s de la ventana de un avi\u00f3n, nos descubre paisajes improbables y exuberancias naturales, a la vez que nos enfrenta a desastres ambientales, arbitrariedades urbanas y a lo despiadado de las fronteras, sin olvidar los rostros de quienes habitan esos lugares. Las im\u00e1genes en esta exhibici\u00f3n sacuden, replantean la pregunta de cu\u00e1l es nuestra posici\u00f3n en el mundo, e instan a relacionarnos con nuestros territorios desde el asombro y tambi\u00e9n desde la conservaci\u00f3n.\u00a0<em>Territorios\u00a0<\/em>no es \u00fanicamente una exposici\u00f3n de fotograf\u00eda a\u00e9rea a partir de la sublimidad de la exuberancia natural o de la plasticidad del paisaje, tambi\u00e9n, y, sobre todo, es un discurso ambientalista y humanitario.<\/p>\n\n\n\n<p>La directora de Fomento Cultural de la Fundaci\u00f3n BBVA M\u00e9xico, Gabriela Vel\u00e1squez Robinson, recalc\u00f3 que la instituci\u00f3n financiera, a trav\u00e9s de su Fundaci\u00f3n, tiene el firme compromiso de fomentar el desarrollo art\u00edstico y cultural del pa\u00eds en diferentes medios y&nbsp;diversas expresiones art\u00edsticas y la exposici\u00f3n \u201cTerritorios\u201d es parte de este compromiso.<\/p>\n\n\n\n<p>Adem\u00e1s, a\u00f1adi\u00f3 que esta muestra fotogr\u00e1fica es una vertiente m\u00e1s del trabajo de Arau, la\u00a0colaboraci\u00f3n con el artista inicio hace dos a\u00f1os con la edici\u00f3n de su libro Territorios. \u201cEste\u00a0proyecto expositivo -destac\u00f3- se inaugur\u00f3 en el Colegio de San Ildefonso, en la Ciudad de M\u00e9xico, y en julio de 2021 una selecci\u00f3n de sus fotograf\u00edas traspas\u00f3 fronteras para llegar a las Olimpiadas en Tokio. Ese mismo a\u00f1o, regres\u00f3 a nuestro pa\u00eds al Museo Amparo en la ciudad de Puebla; posteriormente estuvo en el Centro Cultural Clavijero, en el estado de Michoac\u00e1n y, a partir de hoy, estar\u00e1 en este importante recinto cultural, el Museo\u00a0Arocena\u201d.<\/p>\n\n\n\n<p>Santiago Arau ha participado en exposiciones individuales y colectivas en lugares como Casa Am\u00e9rica en Madrid (Espa\u00f1a) en el 2015; la Bienale di Venezia (Italia) en 2017; el Museo de Arte Moderno de Filipinas en 2013; el Teatro Metropolitano de Tokio (Jap\u00f3n) en 2021 y el Palacio de Bellas Artes (M\u00e9xico) en 2019, entre otros. Su primera exposici\u00f3n individual\u00a0<em>Territorios<\/em>, fue inaugurada en El Colegio de San Ildefonso de la Ciudad de M\u00e9xico para posteriormente viajar al Museo Amparo en la ciudad de Puebla, el Centro Cultural Clavijero en la ciudad de Morelia y ahora, en el Museo Arocena de Torre\u00f3n, Coahuila.<\/p>\n\n\n\n<p>La inauguraci\u00f3n de esta exposici\u00f3n organizada en cinco n\u00facleos tem\u00e1ticos: Volcanes, Ciudad, Destrucci\u00f3n, Fronteras y Biodiversidad, se realiz\u00f3 en el Anexo Edifico Russek del Museo Arocena el jueves 25 de agosto a las 7:00 p.m. acompa\u00f1ada de una charla de apertura a cargo del artista Santiago Arau. <\/p>\n\n\n\n<p>Posteriormente, permanecer\u00e1 abierta al p\u00fablico del viernes 26 de agosto, 2022 al 22 de enero, 2023, en horario operativo del museo (mi\u00e9rcoles a domingo, 10:00 a.m. a 6:00 p.m.). As\u00ed mismo, durante este periodo se ofrecer\u00e1n diferentes actividades en torno a esta muestra.<\/p>\n","protected":false},"excerpt":{"rendered":"<p>La inauguraci\u00f3n de esta exposici\u00f3n organizada en cinco n\u00facleos tem\u00e1ticos: Volcanes, Ciudad, Destrucci\u00f3n, Fronteras y Biodiversidad, se realiz\u00f3 en el Anexo Edifico Russek del Museo Arocena Junto a la prestigiosa &hellip; <a href=\"https:\/\/lavereda.com.mx\/index.php\/2022\/09\/01\/territorios-una-mirada-profunda-de-mexico-a-traves-de-la-fotografia\/\" class=\"more-link\">Leer m\u00e1s<\/a><\/p>\n","protected":false},"author":1,"featured_media":4097,"comment_status":"open","ping_status":"open","sticky":false,"template":"","format":"standard","meta":{"footnotes":""},"categories":[3,18],"tags":[],"class_list":["post-4096","post","type-post","status-publish","format-standard","has-post-thumbnail","hentry","category-artes-visuales","category-lomasrelevante","entry"],"_links":{"self":[{"href":"https:\/\/lavereda.com.mx\/index.php\/wp-json\/wp\/v2\/posts\/4096","targetHints":{"allow":["GET"]}}],"collection":[{"href":"https:\/\/lavereda.com.mx\/index.php\/wp-json\/wp\/v2\/posts"}],"about":[{"href":"https:\/\/lavereda.com.mx\/index.php\/wp-json\/wp\/v2\/types\/post"}],"author":[{"embeddable":true,"href":"https:\/\/lavereda.com.mx\/index.php\/wp-json\/wp\/v2\/users\/1"}],"replies":[{"embeddable":true,"href":"https:\/\/lavereda.com.mx\/index.php\/wp-json\/wp\/v2\/comments?post=4096"}],"version-history":[{"count":1,"href":"https:\/\/lavereda.com.mx\/index.php\/wp-json\/wp\/v2\/posts\/4096\/revisions"}],"predecessor-version":[{"id":4098,"href":"https:\/\/lavereda.com.mx\/index.php\/wp-json\/wp\/v2\/posts\/4096\/revisions\/4098"}],"wp:featuredmedia":[{"embeddable":true,"href":"https:\/\/lavereda.com.mx\/index.php\/wp-json\/wp\/v2\/media\/4097"}],"wp:attachment":[{"href":"https:\/\/lavereda.com.mx\/index.php\/wp-json\/wp\/v2\/media?parent=4096"}],"wp:term":[{"taxonomy":"category","embeddable":true,"href":"https:\/\/lavereda.com.mx\/index.php\/wp-json\/wp\/v2\/categories?post=4096"},{"taxonomy":"post_tag","embeddable":true,"href":"https:\/\/lavereda.com.mx\/index.php\/wp-json\/wp\/v2\/tags?post=4096"}],"curies":[{"name":"wp","href":"https:\/\/api.w.org\/{rel}","templated":true}]}}