{"id":4081,"date":"2022-08-25T22:09:25","date_gmt":"2022-08-25T22:09:25","guid":{"rendered":"http:\/\/lavereda.com.mx\/?p=4081"},"modified":"2022-08-25T22:09:26","modified_gmt":"2022-08-25T22:09:26","slug":"la-suite-del-lago-de-los-cisnes-sonara-con-camerata-de-coahuila","status":"publish","type":"post","link":"https:\/\/lavereda.com.mx\/index.php\/2022\/08\/25\/la-suite-del-lago-de-los-cisnes-sonara-con-camerata-de-coahuila\/","title":{"rendered":"La Suite del Lago de los Cisnes sonar\u00e1 con Camerata de Coahuila"},"content":{"rendered":"\n<p>La m\u00fasica de la Suite El lago de los Cisnes, una de las obras maestras de Piotr Ilich Tchaikovsky, ser\u00e1 interpretada por Camerata de Coahuila, como parte de su segundo concierto de temporada Oto\u00f1o Invierno 2022, bajo la batuta del Maestro Ram\u00f3n Shade. La cita es este viernes 26 de agosto, en punto de las 20:30 horas, en el Teatro Isauro Mart\u00ednez.<\/p>\n\n\n\n<p>Pese al fracaso en su estreno el 4 de marzo de 1877 en el Teatro Bolshoi de Mosc\u00fa a causa de la pobre producci\u00f3n y la deficiente coreograf\u00eda, la obra constituye una de las mayores aportaciones art\u00edsticas de la Rusia imperial pero tambi\u00e9n es el ballet m\u00e1s representado y esperado por los amantes de la m\u00fasica de Tchaikovsky (1840-1893).<\/p>\n\n\n\n<p>Este segundo concierto contar\u00e1 adem\u00e1s con la&nbsp;\u201cSuite No. 2\u201d de Igor Stravinsky y&nbsp;\u201cConcierto para violoncello No. 2\u201d de Joseph Haydn&nbsp;con la participaci\u00f3n del Maestro Fernando Morales, integrante de la secci\u00f3n de violonchelos de nuestra orquesta.<\/p>\n\n\n\n<p>Fernando Morales comienza su formaci\u00f3n como violonchelista en la Escuela Municipal de M\u00fasica de San Luis Potos\u00ed de donde es originario. Contin\u00faa despu\u00e9s bajo la tutela del maestro Roberto G\u00f3mez Arg\u00fcelles en la Escuela de Iniciaci\u00f3n M\u00fasical Juli\u00e1n Carrillo y posteriormente ingresa a la Licenciatura en M\u00fasica en la Universidad Aut\u00f3noma de Zacatecas con el maestro Jos\u00e9 Luis Herrera Hern\u00e1ndez. A lo largo de su formaci\u00f3n ha participado con diferentes orquestas y ensambles entre las que destacan: Orquesta Sinf\u00f3nica de San Luis Potos\u00ed, Camerata de San Luis Potos\u00ed, Orquesta Filarm\u00f3nica de Zacatecas, Camerata Silvestre Revueltas y Orquesta de C\u00e1mara del Estado de Zacatecas. Del&nbsp;a\u00f1o 2007 al 2008 form\u00f3 parte de la Orquesta de \u201cGrandes \u00c9coles\u201d en Paris, Francia,&nbsp;bajo la batuta del maestro Sylvain Audinovski, presentando conciertos en prestigiosos escenarios como el Teatro Ch\u00e2telet y el Teatro Montansier de Versalles.<\/p>\n\n\n\n<p>En diciembre de 2014 gana el tercer lugar en el Primer Concurso Nacional de Violonchelo, organizado por la Universidad de Ciencias y Artes de Chiapas. Ha participado adem\u00e1s en clases maestras de violonchelo con prestigiosos maestros como el violonchelista vasco I\u00f1aki Etxepare y Adolfo Guti\u00e9rrez Arenas.<\/p>\n\n\n\n<p>A finales del 2014 se convierte en miembro fundador del Cuarteto Aldebar\u00e1n, agrupaci\u00f3n que se hizo acreedora del premio Manuel M. Ponce del Festival de M\u00fasica de C\u00e1mara de Aguascalientes 2017 y con el cual asisti\u00f3 a numerosos cursos de m\u00fasica de c\u00e1mara y cuartetos de cuerda impartidos por el Cuarteto Jos\u00e9 White, el Cuarteto Latinoamericano y el Cuarteto Penderecki. Actualmente forma parte de la secci\u00f3n de violonchelos de la Camerata de Coahuila.<\/p>\n\n\n\n<p>La venta de abonos de la temporada contin\u00faa disponible en oficinas de la orquesta y cuenta con descuento especial del 25% para estudiantes, maestros e INAPAM.<\/p>\n\n\n\n<p>El costo de los boletos es en planta baja $250.00, Mezzanine $200.00 y Galer\u00eda $120.00, los cuales pueden ser adquiridos en la plataforma NewTicket, y en taquillas del teatro el viernes 26 de agosto en un horario de 10 a 2 pm y 3 a 8:30 pm.<\/p>\n\n\n\n<p><\/p>\n","protected":false},"excerpt":{"rendered":"<p>La m\u00fasica de la Suite El lago de los Cisnes, una de las obras maestras de Piotr Ilich Tchaikovsky, ser\u00e1 interpretada por Camerata de Coahuila, como parte de su segundo &hellip; <a href=\"https:\/\/lavereda.com.mx\/index.php\/2022\/08\/25\/la-suite-del-lago-de-los-cisnes-sonara-con-camerata-de-coahuila\/\" class=\"more-link\">Leer m\u00e1s<\/a><\/p>\n","protected":false},"author":1,"featured_media":4082,"comment_status":"open","ping_status":"open","sticky":false,"template":"","format":"standard","meta":{"footnotes":""},"categories":[18,4],"tags":[],"class_list":["post-4081","post","type-post","status-publish","format-standard","has-post-thumbnail","hentry","category-lomasrelevante","category-musica","entry"],"_links":{"self":[{"href":"https:\/\/lavereda.com.mx\/index.php\/wp-json\/wp\/v2\/posts\/4081","targetHints":{"allow":["GET"]}}],"collection":[{"href":"https:\/\/lavereda.com.mx\/index.php\/wp-json\/wp\/v2\/posts"}],"about":[{"href":"https:\/\/lavereda.com.mx\/index.php\/wp-json\/wp\/v2\/types\/post"}],"author":[{"embeddable":true,"href":"https:\/\/lavereda.com.mx\/index.php\/wp-json\/wp\/v2\/users\/1"}],"replies":[{"embeddable":true,"href":"https:\/\/lavereda.com.mx\/index.php\/wp-json\/wp\/v2\/comments?post=4081"}],"version-history":[{"count":1,"href":"https:\/\/lavereda.com.mx\/index.php\/wp-json\/wp\/v2\/posts\/4081\/revisions"}],"predecessor-version":[{"id":4083,"href":"https:\/\/lavereda.com.mx\/index.php\/wp-json\/wp\/v2\/posts\/4081\/revisions\/4083"}],"wp:featuredmedia":[{"embeddable":true,"href":"https:\/\/lavereda.com.mx\/index.php\/wp-json\/wp\/v2\/media\/4082"}],"wp:attachment":[{"href":"https:\/\/lavereda.com.mx\/index.php\/wp-json\/wp\/v2\/media?parent=4081"}],"wp:term":[{"taxonomy":"category","embeddable":true,"href":"https:\/\/lavereda.com.mx\/index.php\/wp-json\/wp\/v2\/categories?post=4081"},{"taxonomy":"post_tag","embeddable":true,"href":"https:\/\/lavereda.com.mx\/index.php\/wp-json\/wp\/v2\/tags?post=4081"}],"curies":[{"name":"wp","href":"https:\/\/api.w.org\/{rel}","templated":true}]}}