{"id":4077,"date":"2022-08-24T17:27:50","date_gmt":"2022-08-24T17:27:50","guid":{"rendered":"http:\/\/lavereda.com.mx\/?p=4077"},"modified":"2022-08-24T17:27:50","modified_gmt":"2022-08-24T17:27:50","slug":"se-autorizan-las-ceremonias-del-grito-de-independencia-y-desfiles-en-coahuila-mars","status":"publish","type":"post","link":"https:\/\/lavereda.com.mx\/index.php\/2022\/08\/24\/se-autorizan-las-ceremonias-del-grito-de-independencia-y-desfiles-en-coahuila-mars\/","title":{"rendered":"Se autorizan las ceremonias del grito de independencia y desfiles en Coahuila: MARS"},"content":{"rendered":"\n<p>Debido a la baja cantidad de contagios en Torre\u00f3n, ahora se aprueban las ceremonias del grito de independencia y desfiles, aplicando los protocolos indicados.<\/p>\n\n\n\n<p>Torre\u00f3n, Coahuila de Zaragoza; a 22 de Agosto de 2022.- \u201cQueda libre el Grito de Independencia y los desfiles; en la regi\u00f3n y en los distintos municipios se habr\u00e1 de realizar una reuni\u00f3n e informar a las diversas regiones para mantener un cerco de seguridad\u201d, inform\u00f3 el gobernador Miguel \u00c1ngel Riquelme Sol\u00eds en la reuni\u00f3n de Subcomit\u00e9 T\u00e9cnico Regional Laguna.<\/p>\n\n\n\n<p>El Mandatario de Coahuila se\u00f1al\u00f3 que, en el caso del Gobierno Estatal, ser\u00e1 un Grito Institucional, a las 22:00 horas, para posteriormente dar oportunidad a las ceremonias municipales.<\/p>\n\n\n\n<p>Lo anterior fue autorizado despu\u00e9s de reconocer, en esta mesa, que hay una disminuci\u00f3n en la positividad muy importante en lo que ha sido denominada la \u201cquinta ola de Covid\u201d.<\/p>\n\n\n\n<p>El Gobernador indic\u00f3 que durante las \u00faltimas semanas se han analizado cuestiones de protocolo y de que se puedan verificar algunos eventos.&nbsp;<\/p>\n\n\n\n<p>\u201cDe aqu\u00ed se derivar\u00e1 la instrucci\u00f3n para los desfiles del 16 de septiembre, s\u00f3lo pido coordinarse con las Regiones Militares de las respectivas \u00e1reas de Coahuila\u201d, expres\u00f3.<\/p>\n\n\n\n<p>Con respecto a los mineros atrapados en el Municipio de Sabinas, Riquelme Sol\u00eds sostuvo que su Administraci\u00f3n continuar\u00e1 apoyando las acciones para darle tranquilidad a las diversas familias.&nbsp;<\/p>\n\n\n\n<p>En cuanto al regreso a clases, Miguel Riquelme dijo que existe un avance considerable, y que dicha acci\u00f3n implica diversas situaciones, como vialidades congestionadas y una derrama econ\u00f3mica evidente para algunos sectores, como el comercial.<\/p>\n\n\n\n<p>Una vez m\u00e1s, refiri\u00f3 que la semana entrante se observar\u00e1 la cantidad de casos positivos de Covid-19. y si se contin\u00faa con la franca disminuci\u00f3n \u2014donde la ciudadan\u00eda y su comportamiento ejemplar ha tenido un efecto favorable\u2014, la realizaci\u00f3n de eventos se continuar\u00e1n autorizando, como hasta ahora.<\/p>\n\n\n\n<p>ACUERDOS<\/p>\n\n\n\n<p>En esta mesa se lleg\u00f3 a los siguientes acuerdos:<\/p>\n\n\n\n<p>+ El mi\u00e9rcoles 24 de agosto, a las 09:30 horas, se celebrar\u00e1 una reuni\u00f3n para determinar Operativo de Seguridad en el marco del d\u00eda del Grito y Desfile.&nbsp;<\/p>\n\n\n\n<p>+ Se autoriza reanudar la celebraci\u00f3n de Honores a la Bandera en el nivel b\u00e1sico de educaci\u00f3n.<\/p>\n\n\n\n<p>+ Se autoriz\u00f3 la realizaci\u00f3n del concierto de Christian Nodal, el 26 de noviembre, en el Estadio Revoluci\u00f3n.<\/p>\n\n\n\n<p>+ Se autoriza al Coliseo Centenario los conciertos de \u201cDuelo de Acordeones\u201d, el 3 de septiembre; HAASH, el 1 de octubre; Pandora &amp; Flans, el 18 de noviembre; y Conjunto Primavera, el 2 de diciembre.<\/p>\n\n\n\n<p>AVANCE EN VACUNACI\u00d3N COVID LAGUNA<\/p>\n\n\n\n<p>Por su parte, Fernando Sim\u00f3n Guti\u00e9rrez P\u00e9rez, titular de Comunicaci\u00f3n e Imagen Institucional del Gobieron de Coahuila&nbsp; y Coordinador de esta Mesa, notific\u00f3 que del 15 al 19 de agosto se aplicaron un total de mil 374 dosis de vacunas anticovid en la Regi\u00f3n Laguna.<\/p>\n\n\n\n<p>REGRESO A CLASES PRESENCIALES EVITANDO EL COVID-19<\/p>\n\n\n\n<p>En su momento el Secretario de Salud del Estado, Roberto Bernal G\u00f3mez, inform\u00f3 que existen 1 mil 863 casos activos de Covid-19, as\u00ed como un total de 27 hospitalizaciones, de las cuales, tres personas est\u00e1n con ventilador, hubo un fallecimiento y hoy son 14 nuevos contagios.<\/p>\n\n\n\n<p>Con respecto al regreso a clases presenciales, indic\u00f3 que en M\u00e9xico y en Coahuila, aunque se est\u00e1 en franco descenso de la \u201cquinta ola\u201d, a\u00fan hay indicadores de alta transmisibilidad, por lo que se deben mantener las medidas preventivas.<\/p>\n\n\n\n<p>Coment\u00f3 que las vacunas han cambiado las reglas del juego, evitando enfermedad grave y hospitalizaci\u00f3n, pero no as\u00ed el contagio, por lo que pidi\u00f3 a las y los ciudadanos estar atentos.&nbsp;<\/p>\n\n\n\n<p>Ante el riesgo de las consecuencias de Covid-19 en los ni\u00f1os, \u201cdebemos continuar cuid\u00e1ndolos. El retorno seguro a las escuelas depende de todos y cada uno de nosotros: Familias, estudiantes y maestros\u201d, dijo Bernal G\u00f3mez.&nbsp;<\/p>\n\n\n\n<p>REPORTE DE AVANCE DEL SV4C&nbsp;<\/p>\n\n\n\n<p>Miguel \u00c1ngel Algara Acosta, Secretario de Infraestructura, Desarrollo Urbano y Movilidad de Coahuila (SIDUM), comparti\u00f3 el reporte de avance del Sistema Vial Cuatro Caminos (SV4C), y record\u00f3 que si la poblaci\u00f3n lagunera desea conocer m\u00e1s sobre los avances de este sistema vial, puede visitar la p\u00e1gina <a href=\"http:\/\/www.sv4c.mx\/\">www.sv4c.mx<\/a><\/p>\n\n\n\n<p>Por su parte, Luis Morales Cort\u00e9s, Director de Vialidad y Movilidad Urbana en Torre\u00f3n, sostuvo que se mantiene la coordinaci\u00f3n y vigilancia permanente para darle seguridad a las y los habitantes que transitan en los alrededores a esta construcci\u00f3n.<\/p>\n\n\n\n<p>Record\u00f3 que debido a las lluvias que se registraron la semana pasada, s\u00f3lo hubo ajustes en la vialidad para darle tranquilidad a los conductores.<\/p>\n\n\n\n<p>A esta reuni\u00f3n del Subcomit\u00e9 T\u00e9cnico Regional asistieron, adem\u00e1s, Francisco Saracho Navarro, Secretario de Educaci\u00f3n de Coahuila; los alcaldes Rom\u00e1n Alberto Cepeda Gonz\u00e1lez, de Torre\u00f3n; Miguel \u00c1ngel Ram\u00edrez L\u00f3pez, de Matamoros; Hilario Escobedo de la Paz, de Viesca; David Ruiz Mej\u00eda, de San Pedro de las Colonias; El\u00edas Portillo V\u00e1zquez, de Sierra Mojada; y Jonathan \u00c1valos Rodr\u00edguez, de Francisco I. Madero.<\/p>\n\n\n\n<p>Tambi\u00e9n Luis Gurza Jaidar, Administrador General de Recaudaci\u00f3n de la Secretar\u00eda de Finanzas del Estado.<\/p>\n\n\n\n<p>As\u00ed como funcionarios p\u00fablicos estatales y municipales de La Laguna, representantes de empresas, de comercios, de clubes deportivos profesionales y de hospitales p\u00fablicos y privados.&nbsp;&nbsp;<\/p>\n","protected":false},"excerpt":{"rendered":"<p>Debido a la baja cantidad de contagios en Torre\u00f3n, ahora se aprueban las ceremonias del grito de independencia y desfiles, aplicando los protocolos indicados. Torre\u00f3n, Coahuila de Zaragoza; a 22 &hellip; <a href=\"https:\/\/lavereda.com.mx\/index.php\/2022\/08\/24\/se-autorizan-las-ceremonias-del-grito-de-independencia-y-desfiles-en-coahuila-mars\/\" class=\"more-link\">Leer m\u00e1s<\/a><\/p>\n","protected":false},"author":17,"featured_media":4078,"comment_status":"open","ping_status":"open","sticky":false,"template":"","format":"standard","meta":{"footnotes":""},"categories":[11,18],"tags":[],"class_list":["post-4077","post","type-post","status-publish","format-standard","has-post-thumbnail","hentry","category-agenda","category-lomasrelevante","entry"],"_links":{"self":[{"href":"https:\/\/lavereda.com.mx\/index.php\/wp-json\/wp\/v2\/posts\/4077","targetHints":{"allow":["GET"]}}],"collection":[{"href":"https:\/\/lavereda.com.mx\/index.php\/wp-json\/wp\/v2\/posts"}],"about":[{"href":"https:\/\/lavereda.com.mx\/index.php\/wp-json\/wp\/v2\/types\/post"}],"author":[{"embeddable":true,"href":"https:\/\/lavereda.com.mx\/index.php\/wp-json\/wp\/v2\/users\/17"}],"replies":[{"embeddable":true,"href":"https:\/\/lavereda.com.mx\/index.php\/wp-json\/wp\/v2\/comments?post=4077"}],"version-history":[{"count":1,"href":"https:\/\/lavereda.com.mx\/index.php\/wp-json\/wp\/v2\/posts\/4077\/revisions"}],"predecessor-version":[{"id":4079,"href":"https:\/\/lavereda.com.mx\/index.php\/wp-json\/wp\/v2\/posts\/4077\/revisions\/4079"}],"wp:featuredmedia":[{"embeddable":true,"href":"https:\/\/lavereda.com.mx\/index.php\/wp-json\/wp\/v2\/media\/4078"}],"wp:attachment":[{"href":"https:\/\/lavereda.com.mx\/index.php\/wp-json\/wp\/v2\/media?parent=4077"}],"wp:term":[{"taxonomy":"category","embeddable":true,"href":"https:\/\/lavereda.com.mx\/index.php\/wp-json\/wp\/v2\/categories?post=4077"},{"taxonomy":"post_tag","embeddable":true,"href":"https:\/\/lavereda.com.mx\/index.php\/wp-json\/wp\/v2\/tags?post=4077"}],"curies":[{"name":"wp","href":"https:\/\/api.w.org\/{rel}","templated":true}]}}