{"id":4061,"date":"2022-08-19T02:15:52","date_gmt":"2022-08-19T02:15:52","guid":{"rendered":"http:\/\/lavereda.com.mx\/?p=4061"},"modified":"2022-08-19T02:15:53","modified_gmt":"2022-08-19T02:15:53","slug":"anuncian-ganadores-de-la-convocatoria-literaria-viento-y-arena-en-torreon","status":"publish","type":"post","link":"https:\/\/lavereda.com.mx\/index.php\/2022\/08\/19\/anuncian-ganadores-de-la-convocatoria-literaria-viento-y-arena-en-torreon\/","title":{"rendered":"Anuncian ganadores de la convocatoria literaria Viento y Arena en Torre\u00f3n"},"content":{"rendered":"\n<ul class=\"wp-block-list\"><li><em>*Se publicar\u00e1n en este 2022 los libros seleccionados en los g\u00e9neros de Poes\u00eda, Cuento, Ensayo y Testimonio<\/em><\/li><\/ul>\n\n\n\n<p>El director del Instituto Municipal de Cultura y Educaci\u00f3n de Torre\u00f3n, Arq. Antonio M\u00e9ndez Vigat\u00e1, dio a conocer que ya se tienen los nombres de las y los autores ganadores de la convocatoria para integrar la colecci\u00f3n editorial \u201cViento y Arena\u201d, publicada el 9 de junio del presente a\u00f1o.<\/p>\n\n\n\n<p>La Coordinaci\u00f3n de literatura convoc\u00f3 a las escritoras y escritores nacidos en el Municipio de Torre\u00f3n, o con un m\u00ednimo de cinco a\u00f1os de residencia comprobables, a postular obra de car\u00e1cter literario (poes\u00eda, novela, cuento, testimonio, dramaturgia y ensayo), con el fin de integrar la colecci\u00f3n \u201cViento y Arena\u201d, cuyo premio es la publicaci\u00f3n de la obra en formato f\u00edsico.&nbsp;<\/p>\n\n\n\n<p>En esta primera edici\u00f3n, en la que se recibieron 33 propuestas en total, obtuvo el primer lugar en el g\u00e9nero de&nbsp;<strong>Poes\u00eda<\/strong>, la obra titulada&nbsp;<strong><em>De a poco la mirada se queda vac\u00eda<\/em><\/strong>, de&nbsp;<strong>Alfredo Castro Mu\u00f1oz<\/strong>.&nbsp;El jurado, integrado por los poetas Francisco Daniel T\u00e9llez V\u00e1zquez, Ofelia P\u00e9rez Sep\u00falveda y Mercedes Luna Fuentes, se\u00f1alaron que la obra contiene una propuesta de fuerza po\u00e9tica que entremezcla el mundo de la vigilia con la violencia de la realidad. Este libro, destac\u00f3 entre las dem\u00e1s propuestas, por la fuerza que reside en sus versos. La realidad, los migrantes, los exiliados, los mutilados, son parte de este universo de \u201ctierra extra\u00f1a\u201d, en el horizonte cotidiano.&nbsp;<\/p>\n\n\n\n<p>En el g\u00e9nero de&nbsp;<strong>Cuento<\/strong>, la obra ganadora lleva como t\u00edtulo&nbsp;<strong><em>El renacer de Catalina<\/em><\/strong>, de&nbsp;<strong>Ang\u00e9lica L\u00f3pez G\u00e1ndara<\/strong>. Los escritores&nbsp;Vicente Alfonso Rodr\u00edguez Aguirre,&nbsp;Elpidia Garc\u00eda Delgado y Ave Barrera Garc\u00eda, integraron el jurado. En el acta, hacen constar que en&nbsp;<em>El renacer de Catalina<\/em>, se entrega una colecci\u00f3n de cuentos que abordan con originalidad e ingenio temas muy actuales como las secuelas emocionales de la pandemia de Covid-19, la soledad de la vida contempor\u00e1nea, el di\u00e1logo entre generaciones, las dificultades en las relaciones familiares y de pareja, la rigidez de las convenciones sociales y morales. Los personajes se encuentran construidos con profundidad, a partir de conflictos complejos, no exentos de claroscuros. En el rengl\u00f3n de la t\u00e9cnica, los cuentos destacan por estructuras eficientes, con finales bien planteados y redondos, giros argumentales interesantes, as\u00ed como por la variedad de estrategias literarias, la diversidad de registros al momento de construir las voces narrativas y un adecuado manejo del lenguaje.<\/p>\n\n\n\n<p>La obra titulada&nbsp;<strong><em>Cura Rotatoria<\/em><\/strong>, de&nbsp;<strong>Lucila Navarrete Turrent<\/strong>, fue seleccionada para integrar esta colecci\u00f3n en el g\u00e9nero de&nbsp;<strong>Ensayo.&nbsp;<\/strong>Guillermina Cuevas Pe\u00f1a,&nbsp;Jorge Comensal y Maritza M. Buend\u00eda, integraron la plantilla de jurados. En el acta se se\u00f1al\u00f3 que predomina un estilo testimonial que combina de forma muy equilibrada, y con una prosa muy fluida, la autobiograf\u00eda ciclista, enmarcada en el contexto de la maternidad contempor\u00e1nea y del asfixiante confinamiento pand\u00e9mico, con la divulgaci\u00f3n de distintos aspectos de la historia del ciclismo y una relevante cr\u00edtica del urbanismo local hostil a la movilidad en dos ruedas.&nbsp;<em>Cura Rotatoria&nbsp;<\/em>es un texto bien estructurado, redacci\u00f3n correcta, citaci\u00f3n adecuada. Las referencias a autores y libros muy diversos le conceden a este texto una de las principales caracter\u00edsticas del ensayo, la investigaci\u00f3n del tema, el desarrollo de ideas propias y aportaciones personales.<\/p>\n\n\n\n<p>Las escritoras Judith del \u00c1ngel Vel\u00e1zquez Santopietro, Marisol Vera Guerra, Zaira Eliette Espinosa Leal, seleccionaron por unanimidad, la obra&nbsp;<strong><em>Con el barrio puesto<\/em><\/strong>, de&nbsp;<strong>Iv\u00e1n Hern\u00e1n Ben\u00edtez<\/strong>, en el g\u00e9nero de&nbsp;<strong>Testimonio.<\/strong>&nbsp;Se destaca de esta obra, un testimonio que conjuga lo visual con lo sensorial y lo experiencial en torno al paisaje urbano de una manera que seduce a los lectores. La narrativa horizontal de estos relatos nos permite escuchar las voces de los personajes que testimonian la ciudad, como sucede en el Nuevo Periodismo Latinoamericano, donde no hay una voz que interprete ni sea intermediaria. Las palabras como las ideas muestran sus dobleces en cada relato, describen un panorama que se reconoce en los doce apartados, junto con una variaci\u00f3n de temas que enlazan lo cotidiano con lo universal. Hay una perspicaz mirada urbana, en la que el narrador se logra desprender del yo individual y se reconoce dentro de la experiencia colectiva.&nbsp;<\/p>\n\n\n\n<p>Las categor\u00edas de&nbsp;<strong>Novela<\/strong>&nbsp;y&nbsp;<strong>Dramaturgia<\/strong>&nbsp;fueron declaradas desiertas. Los libros seleccionados se publicar\u00e1n en formato f\u00edsico por parte del Instituto Municipal de Cultura y Educaci\u00f3n de Torre\u00f3n, en este 2022.&nbsp;<\/p>\n","protected":false},"excerpt":{"rendered":"<p>*Se publicar\u00e1n en este 2022 los libros seleccionados en los g\u00e9neros de Poes\u00eda, Cuento, Ensayo y Testimonio El director del Instituto Municipal de Cultura y Educaci\u00f3n de Torre\u00f3n, Arq. Antonio &hellip; <a href=\"https:\/\/lavereda.com.mx\/index.php\/2022\/08\/19\/anuncian-ganadores-de-la-convocatoria-literaria-viento-y-arena-en-torreon\/\" class=\"more-link\">Leer m\u00e1s<\/a><\/p>\n","protected":false},"author":1,"featured_media":458,"comment_status":"open","ping_status":"open","sticky":false,"template":"","format":"standard","meta":{"footnotes":""},"categories":[5,18],"tags":[32,33],"class_list":["post-4061","post","type-post","status-publish","format-standard","has-post-thumbnail","hentry","category-letras-y-libros","category-lomasrelevante","tag-literatura","tag-torreon-2","entry"],"_links":{"self":[{"href":"https:\/\/lavereda.com.mx\/index.php\/wp-json\/wp\/v2\/posts\/4061","targetHints":{"allow":["GET"]}}],"collection":[{"href":"https:\/\/lavereda.com.mx\/index.php\/wp-json\/wp\/v2\/posts"}],"about":[{"href":"https:\/\/lavereda.com.mx\/index.php\/wp-json\/wp\/v2\/types\/post"}],"author":[{"embeddable":true,"href":"https:\/\/lavereda.com.mx\/index.php\/wp-json\/wp\/v2\/users\/1"}],"replies":[{"embeddable":true,"href":"https:\/\/lavereda.com.mx\/index.php\/wp-json\/wp\/v2\/comments?post=4061"}],"version-history":[{"count":1,"href":"https:\/\/lavereda.com.mx\/index.php\/wp-json\/wp\/v2\/posts\/4061\/revisions"}],"predecessor-version":[{"id":4062,"href":"https:\/\/lavereda.com.mx\/index.php\/wp-json\/wp\/v2\/posts\/4061\/revisions\/4062"}],"wp:featuredmedia":[{"embeddable":true,"href":"https:\/\/lavereda.com.mx\/index.php\/wp-json\/wp\/v2\/media\/458"}],"wp:attachment":[{"href":"https:\/\/lavereda.com.mx\/index.php\/wp-json\/wp\/v2\/media?parent=4061"}],"wp:term":[{"taxonomy":"category","embeddable":true,"href":"https:\/\/lavereda.com.mx\/index.php\/wp-json\/wp\/v2\/categories?post=4061"},{"taxonomy":"post_tag","embeddable":true,"href":"https:\/\/lavereda.com.mx\/index.php\/wp-json\/wp\/v2\/tags?post=4061"}],"curies":[{"name":"wp","href":"https:\/\/api.w.org\/{rel}","templated":true}]}}