{"id":4057,"date":"2022-08-18T18:05:47","date_gmt":"2022-08-18T18:05:47","guid":{"rendered":"http:\/\/lavereda.com.mx\/?p=4057"},"modified":"2022-08-18T18:05:48","modified_gmt":"2022-08-18T18:05:48","slug":"la-uadec-presenta-el-libro-lonxe-da-terra","status":"publish","type":"post","link":"https:\/\/lavereda.com.mx\/index.php\/2022\/08\/18\/la-uadec-presenta-el-libro-lonxe-da-terra\/","title":{"rendered":"La UAdeC presenta el libro Lonxe da terra"},"content":{"rendered":"\n<p>El d\u00eda de hoy, jueves 18 de agosto a las 6 de la tarde, el Departamento de Difusi\u00f3n Cultural de la Universidad Aut\u00f3noma de Coahuila (UAdeC) Unidad Torre\u00f3n, presentar\u00e1n al p\u00fablico el <em>Lonxe da terra:<\/em> <em>Gerardo Moscoso y Caama\u00f1o<\/em>.<\/p>\n\n\n\n<p>Son 22 las y los autores de una obra que servir\u00e1 de homenaje a \u201cun hombre de dos mundos: Espa\u00f1a y M\u00e9xico, un trotamundos obligado por sus creencias y acciones, un \u2018anartista\u2019 pol\u00edticamente incorrecto, como se autodefin\u00eda el recordado actor y director de teatro.<\/p>\n\n\n\n<p>La autor\u00eda corresponde a amigos y amigas de Gerardo Moscoso, quienes fueron coordinador por Arcelia Ayup, jefa del DDC. La obra es con el sello editorial de la UAdeC. En sus p\u00e1ginas, plasman la relaci\u00f3n que tuvieron con \u00e9l, y quien en su \u00faltima etapa fungi\u00f3 como coordinador de la Escuela de Artes Esc\u00e9nicas y Gesti\u00f3n Cultural de la propia universidad en Torre\u00f3n. En <em>Lonxe da terra: Gerardo Moscoso y Caama\u00f1o<\/em> se retratan las facetas de este personaje lagunero-espa\u00f1ol.<\/p>\n\n\n\n<p>Autores: Salvador Hern\u00e1ndez V\u00e9lez, rector de la universidad; Federico Ramos Salas, Marcela Moreno, Luisa Huertas, Luz Emilia Aguilar Zinzer, Fernando Marqu\u00e9z, y el alcalde de Poio, municipio de Pontevedra (Espa\u00f1a),, Luciano Sobral, entre otros. Los comentarios ser\u00e1n del propio rector, Isidro Barrientos y la compiladora, Arcelia Ayup. Y la sede, la Infoteca de la UAdeC con entrada libre.<\/p>\n","protected":false},"excerpt":{"rendered":"<p>El d\u00eda de hoy, jueves 18 de agosto a las 6 de la tarde, el Departamento de Difusi\u00f3n Cultural de la Universidad Aut\u00f3noma de Coahuila (UAdeC) Unidad Torre\u00f3n, presentar\u00e1n al &hellip; <a href=\"https:\/\/lavereda.com.mx\/index.php\/2022\/08\/18\/la-uadec-presenta-el-libro-lonxe-da-terra\/\" class=\"more-link\">Leer m\u00e1s<\/a><\/p>\n","protected":false},"author":17,"featured_media":4058,"comment_status":"open","ping_status":"open","sticky":false,"template":"","format":"standard","meta":{"footnotes":""},"categories":[5,18],"tags":[],"class_list":["post-4057","post","type-post","status-publish","format-standard","has-post-thumbnail","hentry","category-letras-y-libros","category-lomasrelevante","entry"],"_links":{"self":[{"href":"https:\/\/lavereda.com.mx\/index.php\/wp-json\/wp\/v2\/posts\/4057","targetHints":{"allow":["GET"]}}],"collection":[{"href":"https:\/\/lavereda.com.mx\/index.php\/wp-json\/wp\/v2\/posts"}],"about":[{"href":"https:\/\/lavereda.com.mx\/index.php\/wp-json\/wp\/v2\/types\/post"}],"author":[{"embeddable":true,"href":"https:\/\/lavereda.com.mx\/index.php\/wp-json\/wp\/v2\/users\/17"}],"replies":[{"embeddable":true,"href":"https:\/\/lavereda.com.mx\/index.php\/wp-json\/wp\/v2\/comments?post=4057"}],"version-history":[{"count":1,"href":"https:\/\/lavereda.com.mx\/index.php\/wp-json\/wp\/v2\/posts\/4057\/revisions"}],"predecessor-version":[{"id":4059,"href":"https:\/\/lavereda.com.mx\/index.php\/wp-json\/wp\/v2\/posts\/4057\/revisions\/4059"}],"wp:featuredmedia":[{"embeddable":true,"href":"https:\/\/lavereda.com.mx\/index.php\/wp-json\/wp\/v2\/media\/4058"}],"wp:attachment":[{"href":"https:\/\/lavereda.com.mx\/index.php\/wp-json\/wp\/v2\/media?parent=4057"}],"wp:term":[{"taxonomy":"category","embeddable":true,"href":"https:\/\/lavereda.com.mx\/index.php\/wp-json\/wp\/v2\/categories?post=4057"},{"taxonomy":"post_tag","embeddable":true,"href":"https:\/\/lavereda.com.mx\/index.php\/wp-json\/wp\/v2\/tags?post=4057"}],"curies":[{"name":"wp","href":"https:\/\/api.w.org\/{rel}","templated":true}]}}