{"id":4054,"date":"2022-08-17T19:57:09","date_gmt":"2022-08-17T19:57:09","guid":{"rendered":"http:\/\/lavereda.com.mx\/?p=4054"},"modified":"2022-08-17T19:57:09","modified_gmt":"2022-08-17T19:57:09","slug":"se-acerca-la-feria-internacional-del-libro-coahuila-2022","status":"publish","type":"post","link":"https:\/\/lavereda.com.mx\/index.php\/2022\/08\/17\/se-acerca-la-feria-internacional-del-libro-coahuila-2022\/","title":{"rendered":"Se acerca la Feria Internacional del Libro Coahuila 2022"},"content":{"rendered":"\n<ul class=\"wp-block-list\"><li><strong>Guanajuato, Centroam\u00e9rica y Radio Educaci\u00f3n ser\u00e1n invitados de hono<\/strong>r.<\/li><\/ul>\n\n\n\n<p>Desde Arteaga, sede de la Feria Internacional del Libro Coahuila (FILC), representantes de las instituciones organizadoras y participantes dieron a conocer los detalles de la edici\u00f3n 2022, que se realizar\u00e1 del 9 al 18 de septiembre. Tendr\u00e1 como eje tem\u00e1tico \u201cMedio Ambiente y desarrollo sustentable\u201d.<\/p>\n\n\n\n<p>La Secretar\u00eda de Cultura de Coahuila, as\u00ed como de la Universidad Aut\u00f3noma de Coahuila (UAdeC), anunci\u00f3 que Guanajuato, Centroam\u00e9rica y Radio Educaci\u00f3n ser\u00e1n invitados de honor de la Feria Internacional del Libro Coahuila 2022, que tendr\u00e1 lugar en el Centro Cultural Universitario de la UAdeC, campus Arteaga.<\/p>\n\n\n\n<p>El martes 16 de agosto se reunieron en rueda de prensa Ana Sof\u00eda Garc\u00eda Camil, secretaria de Cultura de Coahuila de Zaragoza; Mario Ren\u00e9 Gonz\u00e1lez Bola\u00f1o, c\u00f3nsul General de Guatemala en Monterrey; Mar\u00eda Adriana Camarena de Obeso, directora general del Instituto Estatal de la Cultura de Guanajuato; Jes\u00fas Alejo Santiago, director general de Radio Educaci\u00f3n; Francisco Saracho Navarro, secretario de Educaci\u00f3n de Coahuila; Eglantina Canales Guti\u00e9rrez, secretaria de Medio Ambiente de Coahuila; Sof\u00eda Rodr\u00edguez Cepeda, coordinadora general de Difusi\u00f3n y Patrimonio Cultural de la UAdeC; Lilia Ponce, del Consejo Directivo de la C\u00e1mara Nacional de la Industria Editorial Mexicana y\u00a0 Salvador \u00c1lvarez de la Fuente, director de la FILC.<\/p>\n\n\n\n<p>Ana Sof\u00eda Garc\u00eda Camil expuso que se efectuar\u00e1n m\u00e1s de 300 actividades, como presentaciones de libros, conferencias, exposiciones editoriales, conversatorios, charlas, exposiciones, talleres, actividades para ni\u00f1as y ni\u00f1os (talleres, cuentacuentos, teatro y m\u00e1s) y diversas actividades art\u00edsticas como conciertos, obras de teatro, entre otras.<\/p>\n\n\n\n<p>Jes\u00fas Alejo Santiago se\u00f1al\u00f3 que el objetivo de la participaci\u00f3n de Radio Educaci\u00f3n es consolidar el di\u00e1logo con todas las entidades federativas y contribuir en la difusi\u00f3n cultural y art\u00edstica. Entre los asistentes de la instituci\u00f3n invitada se encuentran Ana Cecilia Terrazas, Laura Padr\u00f3n Hern\u00e1ndez, Lenin Martell y el propio Alejo Santiago.<\/p>\n\n\n\n<p>En el \u00e1mbito nacional e internacional, la FILC contar\u00e1 con un programa literario diverso y amplio, con la participaci\u00f3n de autores de nivel nacional e internacional. De centroam\u00e9rica se cuentan Denise Phe Funchal, Carlos L\u00f3pez y Carol Zardetto de Guatemala; Jorge Gal\u00e1n y Mario Huezo de El Salvador; Jos\u00e9 Adiak Montoya y Mario Martz de Nicaragua, as\u00ed como David Cruz de Costa Rica, merecedor del Premio Internacional Manuel Acu\u00f1a de Poes\u00eda en Lengua Espa\u00f1ola en 2020.<\/p>\n\n\n\n<p>Este a\u00f1o, la ilustraci\u00f3n tendr\u00e1 un papel especial con la presencia del artista argentino Dr. Alderete y de Bernardo Fern\u00e1ndez \u201cBef\u201d.&nbsp;<\/p>\n\n\n\n<p>Asimismo, las escritoras Myriam Moscona, Gabriela Riveros y el historiador Carlos Manuel Vald\u00e9s sostendr\u00e1n el conversatorio \u201cRa\u00edces Sefarditas en el Noreste de M\u00e9xico\u201d. Mientras que Tanya Huntington, Isabel Zapata y Claudia Luna conversar\u00e1n sobre naturaleza y escritura.<\/p>\n\n\n\n<p>Consuelo S\u00e1izar, Ximena Santaolalla, Edgar Valencia, Jos\u00e9 N. Iturriaga, Juli\u00e1n Herbert y Ra\u00fal Olmos tambi\u00e9n participar\u00e1n en la vigesimocuarta edici\u00f3n de la. FILC.<\/p>\n\n\n\n<p>A decir de Mar\u00eda Adriana Camarena de Obeso, \u201cbajo el lema de \u2018Guanajuato se Lee en Coahuila\u201d, se compartir\u00e1 la riqueza cultural de esta entidad federativa, con m\u00e1s de 40 actividades art\u00edsticas y literarias, entre las que destacan la presencia de Paloma Jim\u00e9nez G\u00e1lvez, hija del cantautor Jos\u00e9 Alfredo Jim\u00e9nez, y las presentaciones de la Banda de M\u00fasica del Estado de Guanajuato, la compa\u00f1\u00eda teatral \u201cCornisa 20\u201d y la Estudiantina Guanajuato, entre otras actividades.<\/p>\n\n\n\n<p>El secretario de Educaci\u00f3n se\u00f1al\u00f3 que uno de sus objetivos es \u201cllevar a dos mil alumnos de Educaci\u00f3n B\u00e1sica y Media Superior por d\u00eda, e integrar a estudiantes de otras regiones de Coahuila a \u2018esta fiesta de las letras\u2019 y a la cultura en general\u201d.<\/p>\n\n\n\n<p>En su oportunidad, Eglantina Canales Guti\u00e9rrez dio a conocer que el eje tem\u00e1tico \u201cMedio Ambiente y Desarrollo Sustentable\u201d, entre otras acciones, pondr\u00e1 \u00e9nfasis en la importancia de la prevenci\u00f3n de incendios forestales y sus consecuencias.<\/p>\n\n\n\n<p>Lilia Ponce, en representaci\u00f3n del Consejo Directivo de la C\u00e1mara Nacional de la Industria Editorial Mexicana, inform\u00f3 sobre los 560 sellos editoriales que participar\u00e1n en esta edici\u00f3n de la FILC 2022, en 136 stands que ofrecer\u00e1n m\u00e1s de seis mil t\u00edtulos para todos los gustos e intereses.<\/p>\n\n\n\n<p>Salvador \u00c1lvarez de la Fuente destac\u00f3 la importancia de la participaci\u00f3n de escritoras y escritores coahuilenses, como una prioridad de la feria, por lo que se incluyen numerosas presentaciones de libros, conferencias, charlas, actividades art\u00edsticas y talleres, que dan cuenta del talento local.<\/p>\n\n\n\n<p>M\u00e1s de ciento sesenta escritores y artistas del estado participar\u00e1n en esta fiesta de las letras. Entre ellos se encuentran Alejandro P\u00e9rez Cervantes, Carlos Reyes \u00c1vila, Claudia Berrueto, Claudia Luna, Carlos Vel\u00e1zquez, Esther M. Garc\u00eda, Iza Rangel, Luis Jorge Boone y Vicente Alfonso.<\/p>\n\n\n\n<p>El director de la FILC tambi\u00e9n agradeci\u00f3 y reconoci\u00f3 el papel que cada instancia realiza para unir esfuerzos y realizar una vez m\u00e1s esta feria, que ya es una tradici\u00f3n desde hace m\u00e1s de 20 a\u00f1os.<\/p>\n\n\n\n<p>Entre las novedades que ofrecer\u00e1 la FILC 2022 est\u00e1 la implementaci\u00f3n de un espacio para la descarga de libros electr\u00f3nicos en su p\u00e1gina web.<\/p>\n","protected":false},"excerpt":{"rendered":"<p>Guanajuato, Centroam\u00e9rica y Radio Educaci\u00f3n ser\u00e1n invitados de honor. Desde Arteaga, sede de la Feria Internacional del Libro Coahuila (FILC), representantes de las instituciones organizadoras y participantes dieron a conocer &hellip; <a href=\"https:\/\/lavereda.com.mx\/index.php\/2022\/08\/17\/se-acerca-la-feria-internacional-del-libro-coahuila-2022\/\" class=\"more-link\">Leer m\u00e1s<\/a><\/p>\n","protected":false},"author":1,"featured_media":4055,"comment_status":"open","ping_status":"open","sticky":false,"template":"","format":"standard","meta":{"footnotes":""},"categories":[5,18],"tags":[],"class_list":["post-4054","post","type-post","status-publish","format-standard","has-post-thumbnail","hentry","category-letras-y-libros","category-lomasrelevante","entry"],"_links":{"self":[{"href":"https:\/\/lavereda.com.mx\/index.php\/wp-json\/wp\/v2\/posts\/4054","targetHints":{"allow":["GET"]}}],"collection":[{"href":"https:\/\/lavereda.com.mx\/index.php\/wp-json\/wp\/v2\/posts"}],"about":[{"href":"https:\/\/lavereda.com.mx\/index.php\/wp-json\/wp\/v2\/types\/post"}],"author":[{"embeddable":true,"href":"https:\/\/lavereda.com.mx\/index.php\/wp-json\/wp\/v2\/users\/1"}],"replies":[{"embeddable":true,"href":"https:\/\/lavereda.com.mx\/index.php\/wp-json\/wp\/v2\/comments?post=4054"}],"version-history":[{"count":1,"href":"https:\/\/lavereda.com.mx\/index.php\/wp-json\/wp\/v2\/posts\/4054\/revisions"}],"predecessor-version":[{"id":4056,"href":"https:\/\/lavereda.com.mx\/index.php\/wp-json\/wp\/v2\/posts\/4054\/revisions\/4056"}],"wp:featuredmedia":[{"embeddable":true,"href":"https:\/\/lavereda.com.mx\/index.php\/wp-json\/wp\/v2\/media\/4055"}],"wp:attachment":[{"href":"https:\/\/lavereda.com.mx\/index.php\/wp-json\/wp\/v2\/media?parent=4054"}],"wp:term":[{"taxonomy":"category","embeddable":true,"href":"https:\/\/lavereda.com.mx\/index.php\/wp-json\/wp\/v2\/categories?post=4054"},{"taxonomy":"post_tag","embeddable":true,"href":"https:\/\/lavereda.com.mx\/index.php\/wp-json\/wp\/v2\/tags?post=4054"}],"curies":[{"name":"wp","href":"https:\/\/api.w.org\/{rel}","templated":true}]}}