{"id":4049,"date":"2022-08-16T01:06:34","date_gmt":"2022-08-16T01:06:34","guid":{"rendered":"http:\/\/lavereda.com.mx\/?p=4049"},"modified":"2022-08-16T02:10:29","modified_gmt":"2022-08-16T02:10:29","slug":"coahuila-da-a-conocer-a-los-ganadores-de-la-muestra-estatal-de-teatro","status":"publish","type":"post","link":"https:\/\/lavereda.com.mx\/index.php\/2022\/08\/16\/coahuila-da-a-conocer-a-los-ganadores-de-la-muestra-estatal-de-teatro\/","title":{"rendered":"Coahuila da a conocer a los ganadores de la Muestra Estatal de Teatro"},"content":{"rendered":"\n<p>La Secretaria de Cultura del Estado, Ana Sof\u00eda Garc\u00eda Camil, dio a conocer a los grupos seleccionados de la Muestra Estatal de Teatro Coahuila 2022, mismos que representar\u00e1n a nuestro estado en la Muestra Nacional de Teatro, a celebrarse en Torre\u00f3n en el pr\u00f3ximo mes de noviembre.<\/p>\n\n\n\n<p>\u201cEsta muestra tiene por objeto seguir impulsando el desarrollo teatral en Coahuila, adem\u00e1s de permitir que se empiece a fomentar el ambiente teatral con miras a la Muestra Nacional de Teatro(MNT), que se realizar\u00e1 del 10 al 19 de noviembre de este a\u00f1o en Torre\u00f3n, con la presencia en nuestro estado de las mejores compa\u00f1\u00edas nacionales, directores, iluminadores, vestuaristas y todos aquellos que participan en el teatro en M\u00e9xico\u201d, dijo.<\/p>\n\n\n\n<p>Asimismo, apunt\u00f3 que las ocho compa\u00f1\u00edas participantes en esta edici\u00f3n eran de gran calidad, y el jurado, conformado por las Maestras Itandehui M\u00e9ndez y Alicia Laguna y el maestro Aristeo Mora, realiz\u00f3 un trabajo arduo para seleccionar a las compa\u00f1\u00edas ganadoras.<\/p>\n\n\n\n<p>Garc\u00eda Camil dijo: \u201cLa obra ganadora del primer lugar de la Muestra Estatal de Teatro Coahuila \/AIEC 2022 es la presentada por la compa\u00f1\u00eda En el surco, con la pieza esc\u00e9nica \u2018CELSA\u2019, pues seg\u00fan consta en el acta emitida por el jurado, se le otorg\u00f3 este premio debido a su pertinencia, ya que busca recuperar la memoria hist\u00f3rica y colectiva sobre la violencia de g\u00e9nero, con una estrategia esc\u00e9nica que cuestiona los personajes hist\u00f3ricos y sus narrativas en la sociedad.<\/p>\n\n\n\n<p>\u201cAl mismo tiempo, vincula la historia oficial con historias personales de Torre\u00f3n, dando visibilidad a esa violencia hist\u00f3rica hacia la mujer, que hasta hoy en d\u00eda se vive en el Pa\u00eds.&nbsp; Esta compa\u00f1\u00eda se hace acreedora a un est\u00edmulo econ\u00f3mico de 15,840 pesos\u201d.<\/p>\n\n\n\n<p>El segundo lugar corresponde a la compa\u00f1\u00eda Camale\u00f3n, con la puesta en escena \u201cTSUNAMI\u201d, por su b\u00fasqueda en la dramaturgia, la actualidad y la escenograf\u00eda, abordando un tema familiar complejizado y tensionado por cuestionamientos sociales.&nbsp;<\/p>\n\n\n\n<p>Bajo la direcci\u00f3n de escena de la misma autora, en la que el jurado valor\u00f3 la investigaci\u00f3n esc\u00e9nica realizada por la Compa\u00f1\u00eda, que se hizo acreedora a un est\u00edmulo econ\u00f3mico de 12,000 pesos.<\/p>\n\n\n\n<p>Por \u00faltimo, la funcionaria inform\u00f3 que la ganadora del premio a Artista Esc\u00e9nica le fue otorgado a la autora y directora de \u201cTSUNAMI\u201d, Claudia Edith \u00c1lvarez P\u00e9rez (Claudia Dithe), por su pertinente b\u00fasqueda en la creaci\u00f3n esc\u00e9nica, otorg\u00e1ndole un est\u00edmulo econ\u00f3mico de 5,000 pesos.<\/p>\n\n\n\n<p>Como se inform\u00f3, estas dos compa\u00f1\u00edas estar\u00e1n presentes en la MNT representando a Coahuila junto con las dos compa\u00f1\u00edas ganadoras de la convocatoria nacional, que son:<\/p>\n\n\n\n<ul class=\"wp-block-list\"><li>\u201cUn monstruo viene a verme\u201d, responsable del proyecto: Rodrigo Gonz\u00e1lez S\u00e1nchez. Autor\u00eda: Siobhan Dowd. Direcci\u00f3n: Armando Tenorio. Compa\u00f1\u00eda: Cuarta Pared Teatro AC.<\/li><\/ul>\n\n\n\n<ul class=\"wp-block-list\"><li>Y&nbsp; el proyecto en proceso \u201cLas l\u00edneas de mi vida\u201d, responsable del proyecto: Mar\u00eda del Roble Cerecero Barrett. Autor\u00eda y direcci\u00f3n: Mar\u00eda del Roble Cerecero. Barrett Compa\u00f1\u00eda: Mar\u00eda del Roble Producciones.<\/li><\/ul>\n","protected":false},"excerpt":{"rendered":"<p>La Secretaria de Cultura del Estado, Ana Sof\u00eda Garc\u00eda Camil, dio a conocer a los grupos seleccionados de la Muestra Estatal de Teatro Coahuila 2022, mismos que representar\u00e1n a nuestro &hellip; <a href=\"https:\/\/lavereda.com.mx\/index.php\/2022\/08\/16\/coahuila-da-a-conocer-a-los-ganadores-de-la-muestra-estatal-de-teatro\/\" class=\"more-link\">Leer m\u00e1s<\/a><\/p>\n","protected":false},"author":17,"featured_media":4050,"comment_status":"open","ping_status":"open","sticky":false,"template":"","format":"standard","meta":{"footnotes":""},"categories":[2,18],"tags":[],"class_list":["post-4049","post","type-post","status-publish","format-standard","has-post-thumbnail","hentry","category-artes-escenicas","category-lomasrelevante","entry"],"_links":{"self":[{"href":"https:\/\/lavereda.com.mx\/index.php\/wp-json\/wp\/v2\/posts\/4049","targetHints":{"allow":["GET"]}}],"collection":[{"href":"https:\/\/lavereda.com.mx\/index.php\/wp-json\/wp\/v2\/posts"}],"about":[{"href":"https:\/\/lavereda.com.mx\/index.php\/wp-json\/wp\/v2\/types\/post"}],"author":[{"embeddable":true,"href":"https:\/\/lavereda.com.mx\/index.php\/wp-json\/wp\/v2\/users\/17"}],"replies":[{"embeddable":true,"href":"https:\/\/lavereda.com.mx\/index.php\/wp-json\/wp\/v2\/comments?post=4049"}],"version-history":[{"count":1,"href":"https:\/\/lavereda.com.mx\/index.php\/wp-json\/wp\/v2\/posts\/4049\/revisions"}],"predecessor-version":[{"id":4051,"href":"https:\/\/lavereda.com.mx\/index.php\/wp-json\/wp\/v2\/posts\/4049\/revisions\/4051"}],"wp:featuredmedia":[{"embeddable":true,"href":"https:\/\/lavereda.com.mx\/index.php\/wp-json\/wp\/v2\/media\/4050"}],"wp:attachment":[{"href":"https:\/\/lavereda.com.mx\/index.php\/wp-json\/wp\/v2\/media?parent=4049"}],"wp:term":[{"taxonomy":"category","embeddable":true,"href":"https:\/\/lavereda.com.mx\/index.php\/wp-json\/wp\/v2\/categories?post=4049"},{"taxonomy":"post_tag","embeddable":true,"href":"https:\/\/lavereda.com.mx\/index.php\/wp-json\/wp\/v2\/tags?post=4049"}],"curies":[{"name":"wp","href":"https:\/\/api.w.org\/{rel}","templated":true}]}}