{"id":4043,"date":"2022-08-14T22:17:25","date_gmt":"2022-08-14T22:17:25","guid":{"rendered":"http:\/\/lavereda.com.mx\/?p=4043"},"modified":"2022-08-14T22:17:27","modified_gmt":"2022-08-14T22:17:27","slug":"el-hombre-del-norte","status":"publish","type":"post","link":"https:\/\/lavereda.com.mx\/index.php\/2022\/08\/14\/el-hombre-del-norte\/","title":{"rendered":"El Hombre del Norte"},"content":{"rendered":"\n<p>Amazon Prime Video<\/p>\n\n\n\n<p>The Northman, 2022<\/p>\n\n\n\n<p>Amleth (Alexander Skarsgard) ha crecido fuerte y brutal, despiadado con su banda de vikingos que arrasan pueblos enteros y asesinan mujeres y ni\u00f1os sin misericordia.<\/p>\n\n\n\n<p>Su misi\u00f3n en la vida es rescatar a su madre y arrancarle el coraz\u00f3n a su t\u00edo que se la ha llevado, despu\u00e9s de asesinar a su padre.<\/p>\n\n\n\n<p>La cinta dirigida por el maestro Robert Eggers es una fiel descripci\u00f3n de lo que era el entorno de Islandia en el siglo IX, donde se impon\u00eda la ley de la violencia, en un entorno en el que la vida no ten\u00eda ning\u00fan valor.<\/p>\n\n\n\n<p>Con toques de misticismo y terror sobrenatural, como es su signatura creativa, Eggers confecciona un relato de acci\u00f3n y aventuras en el que la c\u00e1mara sigue de cerca a este guerrero parecido a Conan, que se abre paso a golpes de espada, hasta que encuentra una mujer que le hace ver una perspectiva diferente del mundo y le hace entender que hay mucho m\u00e1s all\u00e1 del disfrute s\u00e1dico del aniquilamiento.<\/p>\n\n\n\n<p>El gran recorrido tiene un largo y sangriento desenlace con una \u00e9pica confrontaci\u00f3n final, bellamente fotografiada.<\/p>\n\n\n\n<p>Este hombre que ha llegado de las tierras del norte demuestra que a\u00fan en las peores circunstancias hay motivos por los que vale la pena luchar, pues siempre puede haber sitio para el amor y la esperanza.<\/p>\n\n\n\n<p>Completan el casting Ethan Hawke, Bjork, Willem Dafoe, Kicole Kidman.<\/p>\n\n\n\n<p>Magn\u00edfica.<\/p>\n\n\n\n<p>(NC-17. No apto para menores de 18)<\/p>\n\n\n\n<p>@LucianoCamposG<\/p>\n\n\n\n<figure class=\"wp-block-embed is-type-video is-provider-youtube wp-block-embed-youtube wp-embed-aspect-16-9 wp-has-aspect-ratio\"><div class=\"wp-block-embed__wrapper\">\n<iframe title=\"El Hombre del Norte - Tr\u00e1iler Oficial #1 - Pr\u00f3ximamente solo en cines\" width=\"1170\" height=\"658\" src=\"https:\/\/www.youtube.com\/embed\/_fpTJaHOwbw?feature=oembed\" frameborder=\"0\" allow=\"accelerometer; autoplay; clipboard-write; encrypted-media; gyroscope; picture-in-picture\" allowfullscreen><\/iframe>\n<\/div><\/figure>\n","protected":false},"excerpt":{"rendered":"<p>Amazon Prime Video The Northman, 2022 Amleth (Alexander Skarsgard) ha crecido fuerte y brutal, despiadado con su banda de vikingos que arrasan pueblos enteros y asesinan mujeres y ni\u00f1os sin &hellip; <a href=\"https:\/\/lavereda.com.mx\/index.php\/2022\/08\/14\/el-hombre-del-norte\/\" class=\"more-link\">Leer m\u00e1s<\/a><\/p>\n","protected":false},"author":3,"featured_media":4044,"comment_status":"open","ping_status":"open","sticky":false,"template":"","format":"standard","meta":{"footnotes":""},"categories":[6],"tags":[],"class_list":["post-4043","post","type-post","status-publish","format-standard","has-post-thumbnail","hentry","category-cinetv","entry"],"_links":{"self":[{"href":"https:\/\/lavereda.com.mx\/index.php\/wp-json\/wp\/v2\/posts\/4043","targetHints":{"allow":["GET"]}}],"collection":[{"href":"https:\/\/lavereda.com.mx\/index.php\/wp-json\/wp\/v2\/posts"}],"about":[{"href":"https:\/\/lavereda.com.mx\/index.php\/wp-json\/wp\/v2\/types\/post"}],"author":[{"embeddable":true,"href":"https:\/\/lavereda.com.mx\/index.php\/wp-json\/wp\/v2\/users\/3"}],"replies":[{"embeddable":true,"href":"https:\/\/lavereda.com.mx\/index.php\/wp-json\/wp\/v2\/comments?post=4043"}],"version-history":[{"count":1,"href":"https:\/\/lavereda.com.mx\/index.php\/wp-json\/wp\/v2\/posts\/4043\/revisions"}],"predecessor-version":[{"id":4045,"href":"https:\/\/lavereda.com.mx\/index.php\/wp-json\/wp\/v2\/posts\/4043\/revisions\/4045"}],"wp:featuredmedia":[{"embeddable":true,"href":"https:\/\/lavereda.com.mx\/index.php\/wp-json\/wp\/v2\/media\/4044"}],"wp:attachment":[{"href":"https:\/\/lavereda.com.mx\/index.php\/wp-json\/wp\/v2\/media?parent=4043"}],"wp:term":[{"taxonomy":"category","embeddable":true,"href":"https:\/\/lavereda.com.mx\/index.php\/wp-json\/wp\/v2\/categories?post=4043"},{"taxonomy":"post_tag","embeddable":true,"href":"https:\/\/lavereda.com.mx\/index.php\/wp-json\/wp\/v2\/tags?post=4043"}],"curies":[{"name":"wp","href":"https:\/\/api.w.org\/{rel}","templated":true}]}}