{"id":4032,"date":"2022-08-10T18:40:09","date_gmt":"2022-08-10T18:40:09","guid":{"rendered":"http:\/\/lavereda.com.mx\/?p=4032"},"modified":"2022-08-10T21:22:04","modified_gmt":"2022-08-10T21:22:04","slug":"el-pianista-ricardo-acosta-inaugura-la-temporada-otono-invierno-de-camerata","status":"publish","type":"post","link":"https:\/\/lavereda.com.mx\/index.php\/2022\/08\/10\/el-pianista-ricardo-acosta-inaugura-la-temporada-otono-invierno-de-camerata\/","title":{"rendered":"El pianista Ricardo Acosta inaugura la temporada oto\u00f1o invierno de Camerata"},"content":{"rendered":"\n<p>Camerata de Coahuila regresa a los escenarios con el pie derecho. La Temporada Oto\u00f1o Invierno 2022, este pr\u00f3ximo 12 y 14 de agosto, contar\u00e1 con la participaci\u00f3n como director y solista invitado del pianista lagunero Ricardo Acosta.<\/p>\n\n\n\n<p>La temporada Oto\u00f1o Invierno 2022 abarcar\u00e1 los meses de agosto a diciembre, estar\u00e1 conformada por un total de 10 conciertos, el Teatro Isauro Mart\u00ednez de Torre\u00f3n ser\u00e1 el escenario que volver\u00e1 a albergar a la orquesta coahuilense.<\/p>\n\n\n\n<p>Como aconteci\u00f3 a inicio de este a\u00f1o, Camerata de Coahuila ofrecer\u00e1 una vez m\u00e1s repetici\u00f3n de conciertos los domingos, con el prop\u00f3sito de seguir impulsando la creaci\u00f3n de nuevos p\u00fablicos y seguir promoviendo la oferta cultural del estado de Coahuila.<\/p>\n\n\n\n<p>La direcci\u00f3n de los conciertos de la temporada estar\u00e1 bajo la batuta del Maestro Ram\u00f3n Shade director art\u00edstico de la orquesta y del Maestro Ethan Eager.<\/p>\n\n\n\n<p>Actualmente la orquesta se encuentra en la fase de selecci\u00f3n de las audiciones para ocupar las plazas vacantes de: viol\u00edn segundo fila, violoncello principal, trompeta principal y corno tercero.<\/p>\n\n\n\n<p>La ejecuci\u00f3n de los conciertos de la temporada, se trabajar\u00e1 apegados a los lineamientos o disposiciones que la secretaria de salud del estado, municipio y Subcomit\u00e9 T\u00e9cnico de Salud en la Regi\u00f3n Laguna, ante la prevenci\u00f3n de COVID-19, a fin de ofrecer un entorno seguro a los amantes de la m\u00fasica.<\/p>\n\n\n\n<blockquote class=\"wp-block-quote is-layout-flow wp-block-quote-is-layout-flow\"><p>La m\u00fasica de Ricardo Acosta ha sido descrita como \u00abposeedora de gran sensibilidad, con colores y sombras que crean una atm\u00f3sfera personal y \u00fanica\u00bb (East Hampton Star). Laureado en Francia en el Concours International Piano \u00e0 Mayenne 2019. Pianista y compositor nativo de Torre\u00f3n, M\u00e9xico, estudiante de Mariana Chabukiani y Michael Coonrod. Fue becado en la Escuela de M\u00fasica Eastman para estudiar Piano y Composici\u00f3n Musical bajo Barry Snyder, Ricardo Zohn-Muldoon y Carlos S\u00e1nchez- Gutierrez.<\/p><\/blockquote>\n\n\n\n<p>Se ha presentado como solista y compositor en varias orquestas como la Camerata de Coahuila, Musica Nova, la Sinf\u00f3nica Juvenil de Toluca, la Orquesta Sinf\u00f3nica de Michoac\u00e1n, la Orquesta Sinf\u00f3nica Estatal de Mosc\u00fa la Interlochen Arts Academy Orchestra y la Eastman Philharmonia bajo grandes directores como Ramon Shade, Brad Lubman, Neil Varon, y Dmitri Orlov.<\/p>\n\n\n\n<p>En el plano de m\u00fasica de c\u00e1mara y m\u00fasica contempor\u00e1nea ha colaborado con nombres de tal altura como Steve Reich, Patricia Kopatchinskaya, Enno Poppe y Patrick J\u00fcdt<\/p>\n\n\n\n<p>Ha participado en el Festival de M\u00fasica en Verano de Mosc\u00fa, el festival Internacional CCM de Praga, en el Blanco y Negro en la Ciudad de M\u00e9xico y en las series del Festival de Clase Maestra de Gilmore.<\/p>\n\n\n\n<p>En el 2016 fue becado con la prestigiosa Beca por Excelencia en Artes del Gobierno Suizo para enlistarse en la Universidad de las Artes de Berna en Piano como materia principal bajo Tomasz Herbut y direcci\u00f3n de orquesta con Florian Ziemen y composici\u00f3n con Xavier Dayer como subespecialidades. En 2019 fue acreedor del diploma de Maestria con altos honores como concerstista y en 2022 como pedagogo tambi\u00e9n con honores.<\/p>\n\n\n\n<p>Desde el 2020 es profesor de piano en el Konservatorium Bern y correpetitor de las clases de Direcci\u00f3n Orquestal y Precollege en la Universidad de las Artes de Berna. Tambi\u00e9n ejerce su trabajo como director musical en la compa\u00f1\u00eda de \u00f3pera Workshopera Bern con la cual ya se ha puesto en escena Las Bodas de Figaro de Mozart (2018) y El Matrimonio Secreto de Domenico Cimarrosa (2021). Otros proyectos incluyen su proyecto apoyado en 2021 por el FONCA en el que se rescat\u00f3 la m\u00fasica para piano del compositor mexicano Jos\u00e9 F. V\u00e1squez en espec\u00edfico el siclo de 15 Impresiones para Piano. El Proyecto constat\u00f3 de un tour de conciertos en todo M\u00e9xico y la grabaci\u00f3n de un disco mismo que fue donado al acervo cultural de la Fonoteca Nacional a inicios de este a\u00f1o.<\/p>\n\n\n\n<p>En el mes de febrero del 2017, Camerata de Coahuila fue la encargada de realizar el estreno nacional e internacional de la \u00abSinfon\u00eda de C\u00e1mara\u00bb, obra escrita por el joven pianista y compositor lagunero Ricardo Acosta.<\/p>\n\n\n\n<p>El programa del concierto inaugural de la temporada est\u00e1&nbsp;conformado por el \u201cConcierto para piano no. 4\u201d de Ludwig van Beethoven, \u201cPreludio a la siesta de un fauno\u201d de Claude&nbsp;Debussy, por \u00faltimo, la&nbsp;Suite \u201cMi madre, la oca\u201d de Maurice Ravel.<\/p>\n\n\n\n<p>La venta de abonos de la temporada est\u00e1 disponible en oficinas de la orquesta y cuenta con descuento especial del 25% para estudiantes, maestros e INAPAM.<\/p>\n\n\n\n<p>El costo de los boletos ser\u00e1: planta baja $250.00,mezzanine $200.00 y galer\u00eda $120.00, los cuales pueden ser adquiridos en la plataforma NewTicket, en taquillas del teatro el jueves 11 de 10 a 2 pm y 4 a 7 pm, viernes 12 de 10 a 2 pm y 3 a 8:30 pm y domingo 14 de agosto de 10:30 am a 12:30 pm.<\/p>\n\n\n\n<p>La cita es este viernes 12 de agosto, en punto de las 20:30 hrs, Y la repetici\u00f3n del concierto el d\u00eda domingo 14 de agosto a las 12:00 hrs. En el Teatro Isauro Mart\u00ednez.<\/p>\n","protected":false},"excerpt":{"rendered":"<p>Camerata de Coahuila regresa a los escenarios con el pie derecho. La Temporada Oto\u00f1o Invierno 2022, este pr\u00f3ximo 12 y 14 de agosto, contar\u00e1 con la participaci\u00f3n como director y &hellip; <a href=\"https:\/\/lavereda.com.mx\/index.php\/2022\/08\/10\/el-pianista-ricardo-acosta-inaugura-la-temporada-otono-invierno-de-camerata\/\" class=\"more-link\">Leer m\u00e1s<\/a><\/p>\n","protected":false},"author":1,"featured_media":4033,"comment_status":"open","ping_status":"open","sticky":false,"template":"","format":"standard","meta":{"footnotes":""},"categories":[18,4],"tags":[],"class_list":["post-4032","post","type-post","status-publish","format-standard","has-post-thumbnail","hentry","category-lomasrelevante","category-musica","entry"],"_links":{"self":[{"href":"https:\/\/lavereda.com.mx\/index.php\/wp-json\/wp\/v2\/posts\/4032","targetHints":{"allow":["GET"]}}],"collection":[{"href":"https:\/\/lavereda.com.mx\/index.php\/wp-json\/wp\/v2\/posts"}],"about":[{"href":"https:\/\/lavereda.com.mx\/index.php\/wp-json\/wp\/v2\/types\/post"}],"author":[{"embeddable":true,"href":"https:\/\/lavereda.com.mx\/index.php\/wp-json\/wp\/v2\/users\/1"}],"replies":[{"embeddable":true,"href":"https:\/\/lavereda.com.mx\/index.php\/wp-json\/wp\/v2\/comments?post=4032"}],"version-history":[{"count":2,"href":"https:\/\/lavereda.com.mx\/index.php\/wp-json\/wp\/v2\/posts\/4032\/revisions"}],"predecessor-version":[{"id":4035,"href":"https:\/\/lavereda.com.mx\/index.php\/wp-json\/wp\/v2\/posts\/4032\/revisions\/4035"}],"wp:featuredmedia":[{"embeddable":true,"href":"https:\/\/lavereda.com.mx\/index.php\/wp-json\/wp\/v2\/media\/4033"}],"wp:attachment":[{"href":"https:\/\/lavereda.com.mx\/index.php\/wp-json\/wp\/v2\/media?parent=4032"}],"wp:term":[{"taxonomy":"category","embeddable":true,"href":"https:\/\/lavereda.com.mx\/index.php\/wp-json\/wp\/v2\/categories?post=4032"},{"taxonomy":"post_tag","embeddable":true,"href":"https:\/\/lavereda.com.mx\/index.php\/wp-json\/wp\/v2\/tags?post=4032"}],"curies":[{"name":"wp","href":"https:\/\/api.w.org\/{rel}","templated":true}]}}