{"id":4029,"date":"2022-08-10T15:09:25","date_gmt":"2022-08-10T15:09:25","guid":{"rendered":"http:\/\/lavereda.com.mx\/?p=4029"},"modified":"2022-08-10T15:09:25","modified_gmt":"2022-08-10T15:09:25","slug":"inauguran-exposicion-pictorica-comunicacion-fragmentada-abstraccion","status":"publish","type":"post","link":"https:\/\/lavereda.com.mx\/index.php\/2022\/08\/10\/inauguran-exposicion-pictorica-comunicacion-fragmentada-abstraccion\/","title":{"rendered":"Inauguran exposici\u00f3n pict\u00f3rica \u201cComunicaci\u00f3n Fragmentada&#8230; Abstracci\u00f3n\u201d"},"content":{"rendered":"\n<p>El d\u00eda de hoy, 10 de agosto, ser\u00e1 inaugurada \u201cComunicaci\u00f3n Fragmentada&#8230; Abstracci\u00f3n\u201d, una exposici\u00f3n pict\u00f3rica de Liliana Fischer a las 12 horas en la Galer\u00eda de Arte del Departamento de Difusi\u00f3n Cultural (DDC) de la UAdeC de la Unidad Torre\u00f3n.<\/p>\n\n\n\n<p>La autora aborda un tema surgido, dice, a partir de las adaptaciones que se han hecho a partir de la pandemia. \u201cLa comunicaci\u00f3n es la parte fundamental para desarrollar v\u00ednculos afectivos y de la misma depende el tipo de relaciones que se forman. El intercambio de palabras, gestos e informaci\u00f3n entre el emisor y el receptor, se interpreta y se simboliza. La decodificaci\u00f3n y recepci\u00f3n del mensaje es importante, ah\u00ed es donde sucede esta comunicaci\u00f3n fragmentada\u201d, se\u00f1ala.&nbsp;<\/p>\n\n\n\n<p>Liliana Fischer comenta: \u201cPara m\u00ed, el arte es una expresi\u00f3n propia necesaria como la vida misma y a trav\u00e9s del proceso creativo me rescato, me sano y me recreo, soltando, desprendi\u00e9ndome, fluyendo con energ\u00eda en positivo\u201d.<\/p>\n\n\n\n<p>El p\u00fablico lagunero podr\u00e1 apreciar estos trabajos de la artista, empezando con la inauguraci\u00f3n en la Coordinaci\u00f3n UAdeC Unidad Torre\u00f3n a las 12:00 horas, en a Galer\u00eda de Arte del DDC, sito en bulevar Revoluci\u00f3n y Comonfort. Entrada libre de lunes a viernes de 09:00 a 20:00 horas.<\/p>\n","protected":false},"excerpt":{"rendered":"<p>El d\u00eda de hoy, 10 de agosto, ser\u00e1 inaugurada \u201cComunicaci\u00f3n Fragmentada&#8230; Abstracci\u00f3n\u201d, una exposici\u00f3n pict\u00f3rica de Liliana Fischer a las 12 horas en la Galer\u00eda de Arte del Departamento de &hellip; <a href=\"https:\/\/lavereda.com.mx\/index.php\/2022\/08\/10\/inauguran-exposicion-pictorica-comunicacion-fragmentada-abstraccion\/\" class=\"more-link\">Leer m\u00e1s<\/a><\/p>\n","protected":false},"author":17,"featured_media":4030,"comment_status":"open","ping_status":"open","sticky":false,"template":"","format":"standard","meta":{"footnotes":""},"categories":[3,18],"tags":[],"class_list":["post-4029","post","type-post","status-publish","format-standard","has-post-thumbnail","hentry","category-artes-visuales","category-lomasrelevante","entry"],"_links":{"self":[{"href":"https:\/\/lavereda.com.mx\/index.php\/wp-json\/wp\/v2\/posts\/4029","targetHints":{"allow":["GET"]}}],"collection":[{"href":"https:\/\/lavereda.com.mx\/index.php\/wp-json\/wp\/v2\/posts"}],"about":[{"href":"https:\/\/lavereda.com.mx\/index.php\/wp-json\/wp\/v2\/types\/post"}],"author":[{"embeddable":true,"href":"https:\/\/lavereda.com.mx\/index.php\/wp-json\/wp\/v2\/users\/17"}],"replies":[{"embeddable":true,"href":"https:\/\/lavereda.com.mx\/index.php\/wp-json\/wp\/v2\/comments?post=4029"}],"version-history":[{"count":1,"href":"https:\/\/lavereda.com.mx\/index.php\/wp-json\/wp\/v2\/posts\/4029\/revisions"}],"predecessor-version":[{"id":4031,"href":"https:\/\/lavereda.com.mx\/index.php\/wp-json\/wp\/v2\/posts\/4029\/revisions\/4031"}],"wp:featuredmedia":[{"embeddable":true,"href":"https:\/\/lavereda.com.mx\/index.php\/wp-json\/wp\/v2\/media\/4030"}],"wp:attachment":[{"href":"https:\/\/lavereda.com.mx\/index.php\/wp-json\/wp\/v2\/media?parent=4029"}],"wp:term":[{"taxonomy":"category","embeddable":true,"href":"https:\/\/lavereda.com.mx\/index.php\/wp-json\/wp\/v2\/categories?post=4029"},{"taxonomy":"post_tag","embeddable":true,"href":"https:\/\/lavereda.com.mx\/index.php\/wp-json\/wp\/v2\/tags?post=4029"}],"curies":[{"name":"wp","href":"https:\/\/api.w.org\/{rel}","templated":true}]}}