{"id":4025,"date":"2022-08-10T14:49:05","date_gmt":"2022-08-10T14:49:05","guid":{"rendered":"http:\/\/lavereda.com.mx\/?p=4025"},"modified":"2022-08-10T14:55:24","modified_gmt":"2022-08-10T14:55:24","slug":"la-fila-llega-al-teatro-alfonso-garibay","status":"publish","type":"post","link":"https:\/\/lavereda.com.mx\/index.php\/2022\/08\/10\/la-fila-llega-al-teatro-alfonso-garibay\/","title":{"rendered":"\u201cLa Fila\u201d llega al Teatro Alfonso Garibay"},"content":{"rendered":"\n<p>La comedia La Fila&nbsp; del dramaturgo&nbsp; Benjam\u00edn G\u00f3mez Jim\u00e9nez y actuada por el Grupo de Teatro \u201cCompa\u00f1eros\u201d se presentar\u00e1 en el Teatro Alfonso Garibay el jueves 11 de agosto a las 7:00 pm con la entrada libre.<\/p>\n\n\n\n<p>Actual y costumbrista, es una comedia que intenta reproducir la molesta&nbsp; pr\u00e1ctica de formarnos en filas para casi cualquier gesti\u00f3n, pago o servicio. Sin embargo, suelen ocurrir situaciones c\u00f3micas mientras los usuarios son atendidos. La acci\u00f3n se desarrolla en un supuesto centro de salud p\u00fablica, quienes por un lado los concurrentes padecen las ineficiencias de la instituci\u00f3n, pero por otra parte se divierten y divierten al p\u00fablico, que ver\u00e1 reflejadas sus propias vivencias en lugares parecidos. Ya sea en una cola, o en una sala de espera, pueden ocurrir muchas situaciones.&nbsp;&nbsp;<\/p>\n\n\n\n<p>Benjam\u00edn G\u00f3mez Jim\u00e9nez, dramaturgo mexicano y director del grupo de teatro Compa\u00f1eros y del grupo H\u00e9roes en escena de capacidades diferentes, tiene la misi\u00f3n de contribuir en la formaci\u00f3n integral de j\u00f3venes mediante el arte y la disciplina teatral produciendo y representando dramas con contenido sociocultural.<\/p>\n\n\n\n<p>Ha consolidado el&nbsp; grupo de teatro juvenil como el m\u00e1s antiguo y con mayor n\u00famero de presentaciones en la Comarca Lagunera (Mexicana), esperando llegar por lo pronto, hasta los cuarenta a\u00f1os de existencia.<\/p>\n\n\n\n<p>El grupo Compa\u00f1eros se form\u00f3 en la Preparatoria Federal PREFEMA por el maestro Benjam\u00edn G\u00f3mez&nbsp; en 1980 y desde entonces no ha parado presentando infinidad de obras de teatro en diferentes escenarios.&nbsp; En este largo recorrido por el mundo del teatro han estado cientos de j\u00f3venes; muchos de ellos ya con licenciaturas y doctorados.&nbsp;<\/p>\n\n\n\n<p>Las obras escritas, actuadas y dirigidas por Benjam\u00edn G\u00f3mez son: Romeo y Julieta, Los Fantasmas de la Laguna, F\u00e1brica de ilusiones,\u00a0 Barros y Espinillas, Mi Mejor Amigo, Pastorelas, Mam\u00e1 Cuervo, entre muchas otras.<\/p>\n","protected":false},"excerpt":{"rendered":"<p>La comedia La Fila&nbsp; del dramaturgo&nbsp; Benjam\u00edn G\u00f3mez Jim\u00e9nez y actuada por el Grupo de Teatro \u201cCompa\u00f1eros\u201d se presentar\u00e1 en el Teatro Alfonso Garibay el jueves 11 de agosto a &hellip; <a href=\"https:\/\/lavereda.com.mx\/index.php\/2022\/08\/10\/la-fila-llega-al-teatro-alfonso-garibay\/\" class=\"more-link\">Leer m\u00e1s<\/a><\/p>\n","protected":false},"author":17,"featured_media":4026,"comment_status":"open","ping_status":"open","sticky":false,"template":"","format":"standard","meta":{"footnotes":""},"categories":[2,18],"tags":[],"class_list":["post-4025","post","type-post","status-publish","format-standard","has-post-thumbnail","hentry","category-artes-escenicas","category-lomasrelevante","entry"],"_links":{"self":[{"href":"https:\/\/lavereda.com.mx\/index.php\/wp-json\/wp\/v2\/posts\/4025","targetHints":{"allow":["GET"]}}],"collection":[{"href":"https:\/\/lavereda.com.mx\/index.php\/wp-json\/wp\/v2\/posts"}],"about":[{"href":"https:\/\/lavereda.com.mx\/index.php\/wp-json\/wp\/v2\/types\/post"}],"author":[{"embeddable":true,"href":"https:\/\/lavereda.com.mx\/index.php\/wp-json\/wp\/v2\/users\/17"}],"replies":[{"embeddable":true,"href":"https:\/\/lavereda.com.mx\/index.php\/wp-json\/wp\/v2\/comments?post=4025"}],"version-history":[{"count":2,"href":"https:\/\/lavereda.com.mx\/index.php\/wp-json\/wp\/v2\/posts\/4025\/revisions"}],"predecessor-version":[{"id":4028,"href":"https:\/\/lavereda.com.mx\/index.php\/wp-json\/wp\/v2\/posts\/4025\/revisions\/4028"}],"wp:featuredmedia":[{"embeddable":true,"href":"https:\/\/lavereda.com.mx\/index.php\/wp-json\/wp\/v2\/media\/4026"}],"wp:attachment":[{"href":"https:\/\/lavereda.com.mx\/index.php\/wp-json\/wp\/v2\/media?parent=4025"}],"wp:term":[{"taxonomy":"category","embeddable":true,"href":"https:\/\/lavereda.com.mx\/index.php\/wp-json\/wp\/v2\/categories?post=4025"},{"taxonomy":"post_tag","embeddable":true,"href":"https:\/\/lavereda.com.mx\/index.php\/wp-json\/wp\/v2\/tags?post=4025"}],"curies":[{"name":"wp","href":"https:\/\/api.w.org\/{rel}","templated":true}]}}