{"id":4022,"date":"2022-08-09T00:04:28","date_gmt":"2022-08-09T00:04:28","guid":{"rendered":"http:\/\/lavereda.com.mx\/?p=4022"},"modified":"2022-08-09T00:08:14","modified_gmt":"2022-08-09T00:08:14","slug":"fallece-la-entranable-olivia-newton-john","status":"publish","type":"post","link":"https:\/\/lavereda.com.mx\/index.php\/2022\/08\/09\/fallece-la-entranable-olivia-newton-john\/","title":{"rendered":"Fallece la entra\u00f1able Olivia Newton-John"},"content":{"rendered":"\n<ul class=\"wp-block-list\"><li><em>Olivia Newton John, tambi\u00e9n conocida como Sandy Olsson en el exitoso musical Vaselina, ha fallecido esta ma\u00f1ana a la edad de 73 a\u00f1os en California.<\/em><\/li><\/ul>\n\n\n\n<p>Seg\u00fan el comunicado de su esposo John Easterling por redes sociales, la cantante australiana falleci\u00f3 esta ma\u00f1ana en su rancho en California: \u201cOlivia ha sido un s\u00edmbolo de triunfos y esperanza durante m\u00e1s de 30 a\u00f1os compartiendo su viaje con el c\u00e1ncer de mama. Su inspiraci\u00f3n curativa y su experiencia pionera con la medicina vegetal contin\u00faan con el Fondo de la Fundaci\u00f3n Olivia Newton-John, dedicado a la investigaci\u00f3n de la medicina vegetal y el c\u00e1ncer\u201d.<\/p>\n\n\n\n<p>En 2017, Newton-John revel\u00f3 que el c\u00e1ncer de mama que hab\u00eda sufrido por primera vez en 1992 hab\u00eda regresado y se hab\u00eda extendido a su columna vertebral. Tambi\u00e9n revel\u00f3 que hab\u00eda tenido un segundo diagn\u00f3stico de c\u00e1ncer en 2013, pero lo mantuvo en silencio.<\/p>\n\n\n\n<p>Despu\u00e9s de su primer diagn\u00f3stico de c\u00e1ncer, Newton-John se convirti\u00f3 en una destacada activista y cre\u00f3 el Centro de Investigaci\u00f3n del Bienestar y el C\u00e1ncer Olivia Newton-John en Melbourne. Su prominencia como activista por la investigaci\u00f3n y el mejor trato probablemente seguir\u00e1 siendo un elemento clave de su legado como su carrera en el mundo del espect\u00e1culo, que incluy\u00f3 cuatro premios Grammy y la venta de m\u00e1s de 100 millones de discos.<\/p>\n\n\n\n<p>Por otro lado, Travolta public\u00f3 un mensaje sincero en sus redes sociales, diciendo: \u201cMi querida Olivia, hiciste que nuestras vidas fueran mucho mejores. Tu impacto fue incre\u00edble. Te quiero mucho. Nos veremos en el camino y estaremos todos juntos de nuevo. \u00a1Tuyo desde el momento en que te vi y para siempre! \u00a1Tu Danny, tu John!\u201d<\/p>\n\n\n\n<p><em>Fuente: Agencias.<\/em><\/p>\n","protected":false},"excerpt":{"rendered":"<p>Olivia Newton John, tambi\u00e9n conocida como Sandy Olsson en el exitoso musical Vaselina, ha fallecido esta ma\u00f1ana a la edad de 73 a\u00f1os en California. Seg\u00fan el comunicado de su &hellip; <a href=\"https:\/\/lavereda.com.mx\/index.php\/2022\/08\/09\/fallece-la-entranable-olivia-newton-john\/\" class=\"more-link\">Leer m\u00e1s<\/a><\/p>\n","protected":false},"author":17,"featured_media":4023,"comment_status":"open","ping_status":"open","sticky":false,"template":"","format":"standard","meta":{"footnotes":""},"categories":[6,7],"tags":[],"class_list":["post-4022","post","type-post","status-publish","format-standard","has-post-thumbnail","hentry","category-cinetv","category-entretenimiento","entry"],"_links":{"self":[{"href":"https:\/\/lavereda.com.mx\/index.php\/wp-json\/wp\/v2\/posts\/4022","targetHints":{"allow":["GET"]}}],"collection":[{"href":"https:\/\/lavereda.com.mx\/index.php\/wp-json\/wp\/v2\/posts"}],"about":[{"href":"https:\/\/lavereda.com.mx\/index.php\/wp-json\/wp\/v2\/types\/post"}],"author":[{"embeddable":true,"href":"https:\/\/lavereda.com.mx\/index.php\/wp-json\/wp\/v2\/users\/17"}],"replies":[{"embeddable":true,"href":"https:\/\/lavereda.com.mx\/index.php\/wp-json\/wp\/v2\/comments?post=4022"}],"version-history":[{"count":1,"href":"https:\/\/lavereda.com.mx\/index.php\/wp-json\/wp\/v2\/posts\/4022\/revisions"}],"predecessor-version":[{"id":4024,"href":"https:\/\/lavereda.com.mx\/index.php\/wp-json\/wp\/v2\/posts\/4022\/revisions\/4024"}],"wp:featuredmedia":[{"embeddable":true,"href":"https:\/\/lavereda.com.mx\/index.php\/wp-json\/wp\/v2\/media\/4023"}],"wp:attachment":[{"href":"https:\/\/lavereda.com.mx\/index.php\/wp-json\/wp\/v2\/media?parent=4022"}],"wp:term":[{"taxonomy":"category","embeddable":true,"href":"https:\/\/lavereda.com.mx\/index.php\/wp-json\/wp\/v2\/categories?post=4022"},{"taxonomy":"post_tag","embeddable":true,"href":"https:\/\/lavereda.com.mx\/index.php\/wp-json\/wp\/v2\/tags?post=4022"}],"curies":[{"name":"wp","href":"https:\/\/api.w.org\/{rel}","templated":true}]}}