{"id":4007,"date":"2022-08-05T23:49:32","date_gmt":"2022-08-05T23:49:32","guid":{"rendered":"http:\/\/lavereda.com.mx\/?p=4007"},"modified":"2022-08-06T16:22:03","modified_gmt":"2022-08-06T16:22:03","slug":"desierto-teatro-abre-un-oasis-para-las-artes-escenicas-en-torreon","status":"publish","type":"post","link":"https:\/\/lavereda.com.mx\/index.php\/2022\/08\/05\/desierto-teatro-abre-un-oasis-para-las-artes-escenicas-en-torreon\/","title":{"rendered":"Desierto Teatro abre un oasis para las artes esc\u00e9nicas en Torre\u00f3n"},"content":{"rendered":"\n<p>Las artes esc\u00e9nicas son parte vital de la cultura en cualquier parte de la regi\u00f3n pues ayudan a encontrar formas de expresar una opini\u00f3n, emoci\u00f3n, sentimiento o gusto, a trav\u00e9s de la actuaci\u00f3n, como el teatro, la danza, la m\u00fasica y m\u00e1s.\u00a0<\/p>\n\n\n\n<p>&nbsp;Con la finalidad de practicar y producir arte esc\u00e9nico en Torre\u00f3n, la compa\u00f1\u00eda Desierto Teatro lleva una d\u00e9cada de trabajo, creando puestas en escena que surgen desde un modelo de producci\u00f3n colectiva.&nbsp;&nbsp;<\/p>\n\n\n\n<p>De acuerdo con Hugo Alberto Dena, director art\u00edstico de la compa\u00f1\u00eda, son los mismos actores, actrices y la producci\u00f3n quienes crean en conjunto las puestas en escena que se presentan bajo el sello de Desierto Teatro.&nbsp;&nbsp;<\/p>\n\n\n\n<p>\u201cLo que hacemos es que, si tenemos un texto, lo trabajamos con el elenco y se formula un laboratorio de exploraci\u00f3n; investigamos el c\u00f3mo se vincula con nosotros como personas, con el entorno social, con el familiar y, a partir de ah\u00ed, vamos conformando el montaje. De esta manera, los ejecutantes forman parte del desarrollo de todas nuestras obras\u201d, explica en entrevista.\u00a0\u00a0<\/p>\n\n\n\n<p>El creador se\u00f1ala que, gracias a este esquema, la compa\u00f1\u00eda lagunera ha podido abarcar en sus montajes un abanico de tem\u00e1ticas, dirigidas a diversos p\u00fablicos, desde el infantil hasta el adulto.&nbsp;&nbsp;<\/p>\n\n\n\n<p>\u201cEsta forma de trabajo nos da apertura para tratar diversas tem\u00e1ticas. Todos tienen diferentes conceptos sobre ciertos temas, como las diferencias entre masculinidad y machismo; homofobia, violencia familiar, y otros temas. Eso nos da mucha apertura para la exploraci\u00f3n\u201d, se\u00f1ala.&nbsp;&nbsp;<\/p>\n\n\n\n<p>Entre sus puestas en escena se encuentran <em>Memorias de dos hijos caracol,<\/em> de Antonio Z\u00fa\u00f1iga y Conchi Le\u00f3n, obra ganadora del Programa Nacional De Teatro Escolar del INBAL 2016; <em>El encuentro<\/em>, una puesta en escena de Alfredo Vargas que fue seleccionada en 2018 por el Programa de Est\u00edmulo para la Producci\u00f3n Esc\u00e9nica \u201cHorizontes\u201d, de la Direcci\u00f3n de Cultura de Torre\u00f3n, as\u00ed como la obra <em>Arrullos para Benjam\u00edn<\/em>,de Hasam D\u00edaz, la cual particip\u00f3 en 2021 en el Circuito Nacional de Artes Esc\u00e9nicas de la Secretar\u00eda de Cultura federal, a trav\u00e9s del Centro Cultural Hel\u00e9nico.&nbsp;<\/p>\n\n\n\n<p>Actualmente, la compa\u00f1\u00eda cuenta con cuatro miembros fijos: C\u00e9sar Venegas, Tania Lafont, Daniel Moya y Hugo Alberto Dena, y de acuerdo con el director art\u00edstico, en cada montaje se convocan a m\u00e1s actores, actrices y especialistas en producci\u00f3n.&nbsp;&nbsp;<\/p>\n\n\n\n<p>Desde su fundaci\u00f3n en 2012, la compa\u00f1\u00eda ha realizado la producci\u00f3n y exhibici\u00f3n de m\u00e1s de una docena de puestas en escena y ha tenido participaci\u00f3n en muestras de teatro y festivales, tales como la Muestra Estatal de Teatro de Coahuila, Muestra Regional de Teatro de Torre\u00f3n, el Festival Internacional de las Artes Julio Torri, la Muestra Nacional de Teatro y el Festival Internacional Cervantino.&nbsp;<\/p>\n\n\n\n<p>\u201cNos gusta hacer teatro para j\u00f3venes, ni\u00f1os y adultos que los lleve a reflexionar, desde el arte, sobre diversos temas que se desarrollan en la sociedad de manera natural, como los cr\u00edmenes de odio, la homofobia, la transfobia, la disfunci\u00f3n familiar, la ausencia paternal\u201d, comenta Hugo Alberto Dena.\u00a0<\/p>\n\n\n\n<p><em>Fuente: Secretar\u00eda de Cultura de M\u00e9xico.<\/em><\/p>\n","protected":false},"excerpt":{"rendered":"<p>Las artes esc\u00e9nicas son parte vital de la cultura en cualquier parte de la regi\u00f3n pues ayudan a encontrar formas de expresar una opini\u00f3n, emoci\u00f3n, sentimiento o gusto, a trav\u00e9s &hellip; <a href=\"https:\/\/lavereda.com.mx\/index.php\/2022\/08\/05\/desierto-teatro-abre-un-oasis-para-las-artes-escenicas-en-torreon\/\" class=\"more-link\">Leer m\u00e1s<\/a><\/p>\n","protected":false},"author":17,"featured_media":4009,"comment_status":"open","ping_status":"open","sticky":false,"template":"","format":"standard","meta":{"footnotes":""},"categories":[2,18],"tags":[],"class_list":["post-4007","post","type-post","status-publish","format-standard","has-post-thumbnail","hentry","category-artes-escenicas","category-lomasrelevante","entry"],"_links":{"self":[{"href":"https:\/\/lavereda.com.mx\/index.php\/wp-json\/wp\/v2\/posts\/4007","targetHints":{"allow":["GET"]}}],"collection":[{"href":"https:\/\/lavereda.com.mx\/index.php\/wp-json\/wp\/v2\/posts"}],"about":[{"href":"https:\/\/lavereda.com.mx\/index.php\/wp-json\/wp\/v2\/types\/post"}],"author":[{"embeddable":true,"href":"https:\/\/lavereda.com.mx\/index.php\/wp-json\/wp\/v2\/users\/17"}],"replies":[{"embeddable":true,"href":"https:\/\/lavereda.com.mx\/index.php\/wp-json\/wp\/v2\/comments?post=4007"}],"version-history":[{"count":2,"href":"https:\/\/lavereda.com.mx\/index.php\/wp-json\/wp\/v2\/posts\/4007\/revisions"}],"predecessor-version":[{"id":4013,"href":"https:\/\/lavereda.com.mx\/index.php\/wp-json\/wp\/v2\/posts\/4007\/revisions\/4013"}],"wp:featuredmedia":[{"embeddable":true,"href":"https:\/\/lavereda.com.mx\/index.php\/wp-json\/wp\/v2\/media\/4009"}],"wp:attachment":[{"href":"https:\/\/lavereda.com.mx\/index.php\/wp-json\/wp\/v2\/media?parent=4007"}],"wp:term":[{"taxonomy":"category","embeddable":true,"href":"https:\/\/lavereda.com.mx\/index.php\/wp-json\/wp\/v2\/categories?post=4007"},{"taxonomy":"post_tag","embeddable":true,"href":"https:\/\/lavereda.com.mx\/index.php\/wp-json\/wp\/v2\/tags?post=4007"}],"curies":[{"name":"wp","href":"https:\/\/api.w.org\/{rel}","templated":true}]}}