{"id":4004,"date":"2022-08-05T23:32:35","date_gmt":"2022-08-05T23:32:35","guid":{"rendered":"http:\/\/lavereda.com.mx\/?p=4004"},"modified":"2022-08-06T16:24:23","modified_gmt":"2022-08-06T16:24:23","slug":"este-verano-disfruta-el-evento-vuela-puerto-noas-en-torreon","status":"publish","type":"post","link":"https:\/\/lavereda.com.mx\/index.php\/2022\/08\/05\/este-verano-disfruta-el-evento-vuela-puerto-noas-en-torreon\/","title":{"rendered":"Este verano invitan a disfrutar \u201cVuela Puerto Noas\u201d en Torre\u00f3n"},"content":{"rendered":"\n<p>El Telef\u00e9rico de Torre\u00f3n y Puerto Noas, en coordinaci\u00f3n con el Ayuntamiento de Torre\u00f3n y ABA sinergia invitan al p\u00fablico a disfrutar de \u201cVuela Puerto Noas\u201d durante el verano.<\/p>\n\n\n\n<p>Ver\u00f3nica Soto D\u00edaz, Directora General del Telef\u00e9rico de Torre\u00f3n y Puerto Noas, coment\u00f3 que el evento se desarrollar\u00e1 los d\u00edas 5 y 6 de agosto, de las 18:00 a la 01:00 horas y que ser\u00e1 totalmente familiar.<\/p>\n\n\n\n<p>Afirm\u00f3 que habr\u00e1 show globos de cantoya, de papalotes, m\u00fasica en vivo, fiesta en espuma, concursos, juegos infantiles y m\u00e1s, por lo que exhort\u00f3 a las y los laguneros a aprovechar lo que resta del periodo vacacional de verano.<\/p>\n\n\n\n<p>Advirti\u00f3 que la Di\u00f3cesis de Torre\u00f3n les apoyar\u00e1 al ofrecer el estacionamiento a un 50 por ciento de descuento estos d\u00edas y en el mismo horario en que se desarrolle \u201cVuela Puerto Noas\u201d, lo que agradeci\u00f3.<\/p>\n\n\n\n<p>Agust\u00edn Basurto, de ABA Sinergia y organizador del evento, agradeci\u00f3 al Gobierno Estatal y al Municipio de Torre\u00f3n por sumarse a este programa, que tiene como prop\u00f3sito la integraci\u00f3n familiar.<\/p>\n\n\n\n<p>Dej\u00f3 claro que parte de lo recabado ser\u00e1 para elaborar murales en los techos ubicados en el trayecto que recorre el transporte a\u00e9reo, para hacerlo m\u00e1s atractivo a los turistas y visitantes.<\/p>\n\n\n\n<p>Ser\u00e1n un total de 90 papalotes de m\u00e1s de 80 metros de largo los que se pretenden volar, si las condiciones clim\u00e1ticas lo permiten.<\/p>\n\n\n\n<p>Para ello, vendr\u00e1 un equipo de colombianos, adem\u00e1s de personas de Puebla y Durango, que dar\u00e1n consejos a las familias para que ayuden a sus hijos a vivir esta emocionante experiencia.<\/p>\n\n\n\n<p>Los globos de cantoya ser\u00e1n elevados hasta ocho metros de altura, estar\u00e1n est\u00e1ticos; habr\u00e1 m\u00fasica y DJ; el viernes estar\u00e1 el show de Bely y Beto y el s\u00e1bado de Spiderman.<\/p>\n\n\n\n<p>\u201cDe las 18:00 a las 21:00 horas las actividades estar\u00e1n muy enfocadas en los ni\u00f1os, y despu\u00e9s habr\u00e1 una barra de bar para los m\u00e1s grandes\u201d.<\/p>\n\n\n\n<p>El costo del acceso ser\u00e1 de 100 pesos p\u00fablico en general y ni\u00f1os dos por uno.<\/p>\n\n\n\n<p>Por su parte, Luis T\u00e9llez, Director de Comercio y Turismo de Torre\u00f3n, reconoci\u00f3 en esta una gran actividad, interesante y al alcance de todos, y aprovech\u00f3 para invitar a la poblaci\u00f3n a no perd\u00e9rsela.<\/p>\n\n\n\n<p>\u201cReconocer el trabajo de toda la cadena de valor, la sinergia entre Estado y Municipio, a los organizadores y a los medios de comunicaci\u00f3n, que nos ayudar\u00e1n a llegar a m\u00e1s personas\u201d.<\/p>\n\n\n\n<p>Frida Vel\u00e1zquez, enlace de Cultura del Puerto Noas, coment\u00f3 que har\u00e1n una convocatoria, pr\u00f3ximamente, para que los interesados en plasmar su arte en alguno de los murales participe.<\/p>\n\n\n\n<p>La finalidad es que se logren entre 8 y 10 murales esta ocasi\u00f3n, mismos que ser\u00e1n distribuidos al principio, en medio y al finalizar el recorrido en el transporte a\u00e9reo.<\/p>\n\n\n\n<p>A la presentaci\u00f3n ante medios tambi\u00e9n acudi\u00f3 Karen Qui\u00f1ones, en representaci\u00f3n de la Secretar\u00eda de Turismo en La Laguna; Perla Maynez, de Kiddy Show; y Pablo Uribe, de la Asociaci\u00f3n de Bares, Restaurantes, Cantinas y Comerciantes de Alimentos (ABARCCA).<\/p>\n","protected":false},"excerpt":{"rendered":"<p>El Telef\u00e9rico de Torre\u00f3n y Puerto Noas, en coordinaci\u00f3n con el Ayuntamiento de Torre\u00f3n y ABA sinergia invitan al p\u00fablico a disfrutar de \u201cVuela Puerto Noas\u201d durante el verano. Ver\u00f3nica &hellip; <a href=\"https:\/\/lavereda.com.mx\/index.php\/2022\/08\/05\/este-verano-disfruta-el-evento-vuela-puerto-noas-en-torreon\/\" class=\"more-link\">Leer m\u00e1s<\/a><\/p>\n","protected":false},"author":17,"featured_media":4005,"comment_status":"open","ping_status":"open","sticky":false,"template":"","format":"standard","meta":{"footnotes":""},"categories":[11,18],"tags":[],"class_list":["post-4004","post","type-post","status-publish","format-standard","has-post-thumbnail","hentry","category-agenda","category-lomasrelevante","entry"],"_links":{"self":[{"href":"https:\/\/lavereda.com.mx\/index.php\/wp-json\/wp\/v2\/posts\/4004","targetHints":{"allow":["GET"]}}],"collection":[{"href":"https:\/\/lavereda.com.mx\/index.php\/wp-json\/wp\/v2\/posts"}],"about":[{"href":"https:\/\/lavereda.com.mx\/index.php\/wp-json\/wp\/v2\/types\/post"}],"author":[{"embeddable":true,"href":"https:\/\/lavereda.com.mx\/index.php\/wp-json\/wp\/v2\/users\/17"}],"replies":[{"embeddable":true,"href":"https:\/\/lavereda.com.mx\/index.php\/wp-json\/wp\/v2\/comments?post=4004"}],"version-history":[{"count":2,"href":"https:\/\/lavereda.com.mx\/index.php\/wp-json\/wp\/v2\/posts\/4004\/revisions"}],"predecessor-version":[{"id":4015,"href":"https:\/\/lavereda.com.mx\/index.php\/wp-json\/wp\/v2\/posts\/4004\/revisions\/4015"}],"wp:featuredmedia":[{"embeddable":true,"href":"https:\/\/lavereda.com.mx\/index.php\/wp-json\/wp\/v2\/media\/4005"}],"wp:attachment":[{"href":"https:\/\/lavereda.com.mx\/index.php\/wp-json\/wp\/v2\/media?parent=4004"}],"wp:term":[{"taxonomy":"category","embeddable":true,"href":"https:\/\/lavereda.com.mx\/index.php\/wp-json\/wp\/v2\/categories?post=4004"},{"taxonomy":"post_tag","embeddable":true,"href":"https:\/\/lavereda.com.mx\/index.php\/wp-json\/wp\/v2\/tags?post=4004"}],"curies":[{"name":"wp","href":"https:\/\/api.w.org\/{rel}","templated":true}]}}