{"id":3995,"date":"2022-08-03T00:01:06","date_gmt":"2022-08-03T00:01:06","guid":{"rendered":"http:\/\/lavereda.com.mx\/?p=3995"},"modified":"2022-08-03T00:01:07","modified_gmt":"2022-08-03T00:01:07","slug":"agosto-artistico-en-la-agenda-cultural","status":"publish","type":"post","link":"https:\/\/lavereda.com.mx\/index.php\/2022\/08\/03\/agosto-artistico-en-la-agenda-cultural\/","title":{"rendered":"Agosto art\u00edstico en la agenda cultural"},"content":{"rendered":"\n<p>El Instituto Municipal de Cultura y Educaci\u00f3n en compa\u00f1\u00eda del R. Ayuntamiento de Torre\u00f3n anuncian la agenda de actividades culturales que se realizar\u00e1n durante el presente mes de agosto, desde las diferentes coordinaciones de artes, as\u00ed como los centros culturales y museos adscritos a esta dependencia.<\/p>\n\n\n\n<p>Durante la primera semana del mes dar\u00e1 inicio el proyecto de Orquesta de Guitarras que correr\u00e1 a cargo del maestro Francisco Mart\u00ednez en tres sedes, los centros culturales Pablo C. Moreno, Jos\u00e9 R. Mijares y Jabonera \u201cLa Uni\u00f3n\u201d.<\/p>\n\n\n\n<p>Adem\u00e1s, Casa Mud\u00e9jar ser\u00e1 el escenario de la obra Juana \u00bfla loca? y de la exposici\u00f3n de la asociaci\u00f3n DIME. En lo que respecta al Canal de la Perla, continuar\u00e1n las matin\u00e9s de pel\u00edculas dirigidas al p\u00fablico infantil los s\u00e1bados.<\/p>\n\n\n\n<p>Para la segunda semana del mes se llevar\u00e1 a cabo el taller \u201cPeriodismo y literatura. Cr\u00f3nica y testimonio en Am\u00e9rica Latina\u201d, que estar\u00e1 a cargo de la Dra. Lucila Navarrete Turrent, as\u00ed como la charla \u201cRevisi\u00f3n a la literatura de terror actual\u201d que impartir\u00e1 la escritora Claudia Soto y Jorge Robles. Asimismo, Casa Mud\u00e9jar nuevamente ser\u00e1 un escenario esc\u00e9nico con una nueva temporada de la obra \u201cClara en la estaci\u00f3n\u201d de la compa\u00f1\u00eda Lola Mar.<\/p>\n\n\n\n<p>Durante la segunda mitad del mes, en los centros culturales,&nbsp; Jabonera \u201cLa Uni\u00f3n\u201d, Casa Mud\u00e9jar, Jos\u00e9 R. Mijares y Pablo C. Moreno iniciar\u00e1n los talleres y cursos regulares&nbsp; del ciclo agosto- diciembre 2022, en los que habr\u00e1 una amplia oferta en artes y actividades como talleres de Pintura, M\u00fasica, Teatro, danza, ajedrez, artes pl\u00e1sticas, manualidades, entre otros; los talleres tendr\u00e1n diversos horarios, tanto matutinos como vespertinos, adem\u00e1s de que ser\u00e1n dirigidos a grupos de diferentes edades.<\/p>\n\n\n\n<p>La Escuela Municipal de Danza Contempor\u00e1nea tendr\u00e1 la tercera ronda de ex\u00e1menes de admisi\u00f3n e inicio de clases del ciclo 2022-2023 el d\u00eda 15 de agosto.<\/p>\n\n\n\n<p>Para finales del mes, el IMCE se complace en anunciar el seminario gratuito \u00abLa \u00f3pera: as\u00ed empez\u00f3 todo\u00bb. Seminario en torno del origen y la primera parte de la historia de la \u00f3pera, que estar\u00e1 a cargo del destacado promotor y cr\u00edtico de m\u00fasica y escritor Gerardo Kleinburg, que se realizar\u00e1 del 25 al 27 de agosto en el Museo Regional de la Laguna (MUREL).<\/p>\n\n\n\n<p>En el Museo Casa del Cerro se inaugurar\u00e1 la exposici\u00f3n colectiva \u201cEst\u00e9ticas del desagravio, Declaraciones sobre vitalidad y resistencia\u201d que contar\u00e1 con la curadur\u00eda de Alfredo Esparza C\u00e1rdenas. En Paseo Morelos, continuar\u00e1 el viernes de leyendas para el 26 de agosto, a cargo de la compa\u00f1\u00eda de teatro Siervos.<\/p>\n","protected":false},"excerpt":{"rendered":"<p>El Instituto Municipal de Cultura y Educaci\u00f3n en compa\u00f1\u00eda del R. Ayuntamiento de Torre\u00f3n anuncian la agenda de actividades culturales que se realizar\u00e1n durante el presente mes de agosto, desde &hellip; <a href=\"https:\/\/lavereda.com.mx\/index.php\/2022\/08\/03\/agosto-artistico-en-la-agenda-cultural\/\" class=\"more-link\">Leer m\u00e1s<\/a><\/p>\n","protected":false},"author":17,"featured_media":3996,"comment_status":"open","ping_status":"open","sticky":false,"template":"","format":"standard","meta":{"footnotes":""},"categories":[11,18],"tags":[],"class_list":["post-3995","post","type-post","status-publish","format-standard","has-post-thumbnail","hentry","category-agenda","category-lomasrelevante","entry"],"_links":{"self":[{"href":"https:\/\/lavereda.com.mx\/index.php\/wp-json\/wp\/v2\/posts\/3995","targetHints":{"allow":["GET"]}}],"collection":[{"href":"https:\/\/lavereda.com.mx\/index.php\/wp-json\/wp\/v2\/posts"}],"about":[{"href":"https:\/\/lavereda.com.mx\/index.php\/wp-json\/wp\/v2\/types\/post"}],"author":[{"embeddable":true,"href":"https:\/\/lavereda.com.mx\/index.php\/wp-json\/wp\/v2\/users\/17"}],"replies":[{"embeddable":true,"href":"https:\/\/lavereda.com.mx\/index.php\/wp-json\/wp\/v2\/comments?post=3995"}],"version-history":[{"count":1,"href":"https:\/\/lavereda.com.mx\/index.php\/wp-json\/wp\/v2\/posts\/3995\/revisions"}],"predecessor-version":[{"id":3997,"href":"https:\/\/lavereda.com.mx\/index.php\/wp-json\/wp\/v2\/posts\/3995\/revisions\/3997"}],"wp:featuredmedia":[{"embeddable":true,"href":"https:\/\/lavereda.com.mx\/index.php\/wp-json\/wp\/v2\/media\/3996"}],"wp:attachment":[{"href":"https:\/\/lavereda.com.mx\/index.php\/wp-json\/wp\/v2\/media?parent=3995"}],"wp:term":[{"taxonomy":"category","embeddable":true,"href":"https:\/\/lavereda.com.mx\/index.php\/wp-json\/wp\/v2\/categories?post=3995"},{"taxonomy":"post_tag","embeddable":true,"href":"https:\/\/lavereda.com.mx\/index.php\/wp-json\/wp\/v2\/tags?post=3995"}],"curies":[{"name":"wp","href":"https:\/\/api.w.org\/{rel}","templated":true}]}}