{"id":3991,"date":"2022-08-02T23:48:42","date_gmt":"2022-08-02T23:48:42","guid":{"rendered":"http:\/\/lavereda.com.mx\/?p=3991"},"modified":"2022-08-02T23:48:43","modified_gmt":"2022-08-02T23:48:43","slug":"coahuila-revela-la-cartelera-de-la-muestra-estatal-de-teatro","status":"publish","type":"post","link":"https:\/\/lavereda.com.mx\/index.php\/2022\/08\/02\/coahuila-revela-la-cartelera-de-la-muestra-estatal-de-teatro\/","title":{"rendered":"Coahuila revela la cartelera de la Muestra Estatal de Teatro"},"content":{"rendered":"\n<p>A 2 de agosto de 2022, la Secretaria de Cultura del Estado, Ana Sof\u00eda Garc\u00eda Camil, dio a conocer la programaci\u00f3n que compone&nbsp; la Muestra Estatal de Teatro Coahuila 2022, misma que se llevar\u00e1 a cabo en Saltillo del 10 al 14 de agosto del presente a\u00f1o.<\/p>\n\n\n\n<p>\u201cEsta muestra tiene por objeto seguir impulsando el desarrollo teatral en Coahuila, adem\u00e1s de permitir que se empiece a fomentar el ambiente teatral con miras a la Muestra Nacional de Teatro, que se realizar\u00e1 del 10 al 19 de noviembre de este a\u00f1o en Torre\u00f3n, con la presencia en nuestro estado de las mejores compa\u00f1\u00edas nacionales, directores, iluminadores, vestuaristas y todos aquellos que participan en el teatro en M\u00e9xico\u201d, dijo.<\/p>\n\n\n\n<p>Asimismo, apunt\u00f3 que esta convocatoria ofrece al representante de cada una de las compa\u00f1\u00edas seleccionadas participantes un est\u00edmulo econ\u00f3mico de 12 mil pesos para los gastos que genere la presentaci\u00f3n de cada obra participante el d\u00eda de su funci\u00f3n y una lectura en atril.<\/p>\n\n\n\n<p>Las programaci\u00f3n que se presentar\u00e1 en Saltillo del 10 al 14 de agosto est\u00e1 conformada por 8 obras; el taller \u201cSustratos Esc\u00e9nicos\u201d, con duraci\u00f3n de 16:00 horas divididas en 4 sesiones, en las que se tocar\u00e1n los temas \u201cEl mapa de los afectos\u201d, \u201cImagen para la performatividad\u201d y \u201cRelatos del paisaje\u201d, mismos que ser\u00e1n impartidos por Mariana Garc\u00eda Franco , Malcom Vargas y Sa\u00fal Enr\u00edquez.<\/p>\n\n\n\n<p>Los mismos se realizar\u00e1n en la Casa de la Cultura de Saltillo y para participar en ellos se requiere inscribirse en el correo festivalesculturacoahuila@gmail.com.<\/p>\n\n\n\n<p>Asimismo, se desarrollar\u00e1 el&nbsp; \u201cEncuentro de Creadores de Coahuila\u201d del 12 al 14 de agosto, bajo la coordinaci\u00f3n de Aristeo Mora, en el Hotel Quinta Dorada.&nbsp;<\/p>\n\n\n\n<p>Las presentaciones iniciar\u00e1n el pr\u00f3ximo mi\u00e9rcoles 10 de agosto a las 20:00 horas en el Teatro \u201cFernando Soler\u201d, con la obra \u201cMis hijos eran todos\u201d, de Juan Antonio Villarreal R\u00edos, de&nbsp; la compa\u00f1\u00eda \u201cEl S\u00e9ptimo Cielo\u201d, originaria de Saltillo.&nbsp;<\/p>\n\n\n\n<p>El jueves 11 de agosto se tendr\u00e1 la presentaci\u00f3n de la obra \u201cPausa\u201d, de la compa\u00f1\u00eda Taumateatro, bajo la direcci\u00f3n Sa\u00fal Margal, de Saltillo, a las 18:00 horas en el Teatro de C\u00e1mara \u201cJes\u00fas Vald\u00e9s.<\/p>\n\n\n\n<p>Y el Colectivo Teatral Pico de Pato, con \u201cIrina\u201d, dirigida por Jorge Armando S\u00e1nchez Tenorio, de Saltillo, a las 20:00 horas en el Teatro \u201cFernando Soler\u201d.<\/p>\n\n\n\n<p>Para el viernes 12 de agosto toca el turno a la compa\u00f1\u00eda En El Surco, con \u201cCelsa\u201d, dirigida por Martha Eugenia Ch\u00e1vez V\u00e9lez, de Torre\u00f3n, a las 18:00 horas en el Teatro de C\u00e1mara \u201cJes\u00fas Vald\u00e9s.<\/p>\n\n\n\n<p>Compa\u00f1\u00eda Hoja En Blanco, con la puesta en escena \u201cCoraz\u00f3n Gordito\u201d, bajo la direcci\u00f3n de Cecilia Guadalupe Guerrero Moreno, de Torre\u00f3n, a las 20:00 horas en el Teatro \u201cFernando Soler\u201d.<\/p>\n\n\n\n<p>El s\u00e1bado 13 se presentar\u00e1n las compa\u00f1\u00edas Magnetar Movimiento\/Danza\/Teatro, con \u201cArrojados Al Mundo Sin Cobertor De Lana\u201d, direcci\u00f3n \u00c9dgar Salvador Olvera Qui\u00f1ones, de Torre\u00f3n, a las 18:00 horas en el Teatro de C\u00e1mara \u201cJes\u00fas Vald\u00e9s; y Compa\u00f1\u00eda de Teatro Camale\u00f3n, con \u201cTsunami\u201d, dirigida por Claudia Edith \u00c1lvarez, de Saltillo, a las 20:00 horas en el Teatro \u201cFernando Soler\u201d.<\/p>\n\n\n\n<p>Por \u00faltimo, el domingo 14 se presenta la compa\u00f1\u00eda Cuarta Pared Teatro Ac, con la obra \u201cIncendios\u201d, bajo la direcci\u00f3n de Jorge Armando S\u00e1nchez Tenorio de Saltillo, a las 18:00 horas en el Teatro \u201cFernando Soler\u201d, posteriormente se realizar\u00e1 la reuni\u00f3n del comit\u00e9 de selecci\u00f3n para dar a conocer el lunes 15 de agosto a las dos obras seleccionadas para participar en la Muestra Nacional de Teatro el mes de noviembre en Torre\u00f3n.<\/p>\n\n\n\n<figure class=\"wp-block-image size-large\"><img fetchpriority=\"high\" decoding=\"async\" width=\"1000\" height=\"563\" src=\"https:\/\/lavereda.com.mx\/wp-content\/uploads\/2022\/08\/001-PRESENTA-COAHUILA-CARTELERA-DE-LA-MUESTRA-ESTATAL-DE-TEATRO.jpeg\" alt=\"\" class=\"wp-image-3993\" srcset=\"https:\/\/lavereda.com.mx\/wp-content\/uploads\/2022\/08\/001-PRESENTA-COAHUILA-CARTELERA-DE-LA-MUESTRA-ESTATAL-DE-TEATRO.jpeg 1000w, https:\/\/lavereda.com.mx\/wp-content\/uploads\/2022\/08\/001-PRESENTA-COAHUILA-CARTELERA-DE-LA-MUESTRA-ESTATAL-DE-TEATRO-300x169.jpeg 300w, https:\/\/lavereda.com.mx\/wp-content\/uploads\/2022\/08\/001-PRESENTA-COAHUILA-CARTELERA-DE-LA-MUESTRA-ESTATAL-DE-TEATRO-768x432.jpeg 768w\" sizes=\"(max-width: 1000px) 100vw, 1000px\" \/><\/figure>\n","protected":false},"excerpt":{"rendered":"<p>A 2 de agosto de 2022, la Secretaria de Cultura del Estado, Ana Sof\u00eda Garc\u00eda Camil, dio a conocer la programaci\u00f3n que compone&nbsp; la Muestra Estatal de Teatro Coahuila 2022, &hellip; <a href=\"https:\/\/lavereda.com.mx\/index.php\/2022\/08\/02\/coahuila-revela-la-cartelera-de-la-muestra-estatal-de-teatro\/\" class=\"more-link\">Leer m\u00e1s<\/a><\/p>\n","protected":false},"author":17,"featured_media":3992,"comment_status":"open","ping_status":"open","sticky":false,"template":"","format":"standard","meta":{"footnotes":""},"categories":[2,18],"tags":[],"class_list":["post-3991","post","type-post","status-publish","format-standard","has-post-thumbnail","hentry","category-artes-escenicas","category-lomasrelevante","entry"],"_links":{"self":[{"href":"https:\/\/lavereda.com.mx\/index.php\/wp-json\/wp\/v2\/posts\/3991","targetHints":{"allow":["GET"]}}],"collection":[{"href":"https:\/\/lavereda.com.mx\/index.php\/wp-json\/wp\/v2\/posts"}],"about":[{"href":"https:\/\/lavereda.com.mx\/index.php\/wp-json\/wp\/v2\/types\/post"}],"author":[{"embeddable":true,"href":"https:\/\/lavereda.com.mx\/index.php\/wp-json\/wp\/v2\/users\/17"}],"replies":[{"embeddable":true,"href":"https:\/\/lavereda.com.mx\/index.php\/wp-json\/wp\/v2\/comments?post=3991"}],"version-history":[{"count":1,"href":"https:\/\/lavereda.com.mx\/index.php\/wp-json\/wp\/v2\/posts\/3991\/revisions"}],"predecessor-version":[{"id":3994,"href":"https:\/\/lavereda.com.mx\/index.php\/wp-json\/wp\/v2\/posts\/3991\/revisions\/3994"}],"wp:featuredmedia":[{"embeddable":true,"href":"https:\/\/lavereda.com.mx\/index.php\/wp-json\/wp\/v2\/media\/3992"}],"wp:attachment":[{"href":"https:\/\/lavereda.com.mx\/index.php\/wp-json\/wp\/v2\/media?parent=3991"}],"wp:term":[{"taxonomy":"category","embeddable":true,"href":"https:\/\/lavereda.com.mx\/index.php\/wp-json\/wp\/v2\/categories?post=3991"},{"taxonomy":"post_tag","embeddable":true,"href":"https:\/\/lavereda.com.mx\/index.php\/wp-json\/wp\/v2\/tags?post=3991"}],"curies":[{"name":"wp","href":"https:\/\/api.w.org\/{rel}","templated":true}]}}