{"id":3974,"date":"2022-07-26T21:55:50","date_gmt":"2022-07-26T21:55:50","guid":{"rendered":"http:\/\/lavereda.com.mx\/?p=3974"},"modified":"2022-07-26T21:55:52","modified_gmt":"2022-07-26T21:55:52","slug":"vive-coahuila-vacaciones-de-verano-con-grandes-eventos-turisticos","status":"publish","type":"post","link":"https:\/\/lavereda.com.mx\/index.php\/2022\/07\/26\/vive-coahuila-vacaciones-de-verano-con-grandes-eventos-turisticos\/","title":{"rendered":"Vive Coahuila vacaciones de verano con grandes eventos tur\u00edsticos"},"content":{"rendered":"\n<p>Saltillo, Coahuila.- Coahuila sigue fortaleciendo su dinamismo en el sector tur\u00edstico y este fin de semana se desarrollaron eventos deportivos, de aventura, gastron\u00f3micos, recreativos y religiosos a lo largo y ancho del territorio estatal.<\/p>\n\n\n\n<p>Carreras atl\u00e9ticas, festivales de comida y de vino, cabalgatas, conciertos musicales, ferias, rodeos y fiestas patronales, atrajeron visitantes y generaron derrama econ\u00f3mica en las diferentes regiones en estas vacaciones de verano 2022.<\/p>\n\n\n\n<p>Los Pueblos M\u00e1gicos de Guerrero y de Viesca llevaron a cabo con \u00e9xito la Feria de la Sand\u00eda 22 y 23 de julio, y la Expo Feria Santiago Ap\u00f3stol, del 21 al 25 de julio, respectivamente.&nbsp;<\/p>\n\n\n\n<p>En Viesca, el domingo se realiz\u00f3 la Cabalgata del Ausente, en el marco del 291 Aniversario de su fundaci\u00f3n, y en la que particip\u00f3 la Secretaria de Turismo y Desarrollo de Pueblos M\u00e1gicos del Estado, Azucena Ramos Ramos; el alcalde Hilario Escobedo y el Secretario de Inclusi\u00f3n y Desarrollo Social, Manolo Jim\u00e9nez Salinas, en representaci\u00f3n del gobernador Miguel \u00c1ngel Riquelme Sol\u00eds.&nbsp;<\/p>\n\n\n\n<p>En Monclova, como parte de las Fiestas Patronales de Santiago Ap\u00f3stol, se corri\u00f3 la Carrera 5K en las calles del Centro de la Ciudad, y en Saltillo se ofreci\u00f3 el concierto de Mariana Bo, DJ internacional, dentro del Festival Internacional de las Artes Saltillo 445, y el espect\u00e1culo de actos circenses, orquesta y \u00f3pera \u201cMirabile\u201d.<\/p>\n\n\n\n<p>Tambi\u00e9n en la Capital del Estado, como parte de los festejos por el aniversario de la ciudad, se efectu\u00f3 la Matlachinada 2022; y en Parras de la Fuente la casa vin\u00edcola Rivero Gonz\u00e1lez ofreci\u00f3 \u201cUn Atardecer M\u00e1gico\u201d, actividad previa a su vendimia.<\/p>\n\n\n\n<p>El fin de semana adem\u00e1s se realiz\u00f3 el Festival \u201cSaltillo de mis Sabores 2022\u201d, con la participaci\u00f3n de cocineras tradicionales de Saltillo y de Arteaga; Progreso vivi\u00f3 su fiesta de aniversario del Ejido Mota Corona el 23 de julio, y Candela su Fiesta de Valladares, del 23 al 26 de julio, y el Concurso del Cabrito.<\/p>\n\n\n\n<figure class=\"wp-block-image size-large\"><img fetchpriority=\"high\" decoding=\"async\" width=\"1000\" height=\"630\" src=\"https:\/\/lavereda.com.mx\/wp-content\/uploads\/2022\/07\/VIVE-COAHUILA-VACACIONES-DE-VERANO-CON-GRANDES-EVENTOS-TURISTICOS-3.jpeg\" alt=\"\" class=\"wp-image-3975\" srcset=\"https:\/\/lavereda.com.mx\/wp-content\/uploads\/2022\/07\/VIVE-COAHUILA-VACACIONES-DE-VERANO-CON-GRANDES-EVENTOS-TURISTICOS-3.jpeg 1000w, https:\/\/lavereda.com.mx\/wp-content\/uploads\/2022\/07\/VIVE-COAHUILA-VACACIONES-DE-VERANO-CON-GRANDES-EVENTOS-TURISTICOS-3-300x189.jpeg 300w, https:\/\/lavereda.com.mx\/wp-content\/uploads\/2022\/07\/VIVE-COAHUILA-VACACIONES-DE-VERANO-CON-GRANDES-EVENTOS-TURISTICOS-3-768x484.jpeg 768w\" sizes=\"(max-width: 1000px) 100vw, 1000px\" \/><\/figure>\n\n\n\n<p>Saltillo y San Buenaventura continuaron este fin de semana con sus tradicionales ferias, que registraron alta afluencia de visitantes; la de Saltillo concluye hasta el 7 de agosto, mientras que la de San Buena culmin\u00f3 este domingo con un rodeo.<\/p>\n\n\n\n<p>Para el pr\u00f3ximo fin de semana se realizar\u00e1n: el Festival de los Asados en Arteaga, el 30 y 31 de julio; la Cena entre Vides, en Rivero Gonz\u00e1lez, en Parras, el 30 de julio; la Feria de la Uva, en Cuatro Ci\u00e9negas, del 29 julio al 7 de agosto; y \u201cTorre\u00f3n, Tierra de Vinos y Quesos\u201d, los d\u00edas 29 y 30 julio, entre otras actividades.<\/p>\n\n\n\n<p>En agosto comenzar\u00e1n las tradicionales vendimias en Coahuila y las ferias en M\u00fazquiz, Monclova, San Juan de Sabinas, Parras y Escobedo; se efectuar\u00e1 la Carrera Coahuila 1000 y el Chilerazo 2022 Ramos Off Road, por citar unos eventos.<\/p>\n\n\n\n<p>Adem\u00e1s, para este periodo de asueto la entidad ofrece sus atractivos tur\u00edsticos y naturales, los siete Pueblos M\u00e1gicos, museos y parques, as\u00ed como su oferta gastron\u00f3mica con los restaurantes, bodegas de vinos y sus vi\u00f1edos.<\/p>\n\n\n\n<p>Ramos Ramos, titular de SECTUR Coahuila, destac\u00f3 que Coahuila es un gran destino donde se pueden vivir gratas y diferentes experiencias tur\u00edsticas, ya que el estado posee una diversidad de paisajes, de cultura, historia y tradiciones.<\/p>\n\n\n\n<p>\u201cSomos una entidad segura y fuerte; se avanza la reactivaci\u00f3n tur\u00edstica de manera sostenida y responsable gracias a las acciones eficaces del gobernador Miguel \u00c1ngel Riquelme Sol\u00eds, a la unidad que existe en nuestro sector tur\u00edstico y a la coordinaci\u00f3n con alcaldes y empresarios\u201d, subray\u00f3.<\/p>\n","protected":false},"excerpt":{"rendered":"<p>Saltillo, Coahuila.- Coahuila sigue fortaleciendo su dinamismo en el sector tur\u00edstico y este fin de semana se desarrollaron eventos deportivos, de aventura, gastron\u00f3micos, recreativos y religiosos a lo largo y &hellip; <a href=\"https:\/\/lavereda.com.mx\/index.php\/2022\/07\/26\/vive-coahuila-vacaciones-de-verano-con-grandes-eventos-turisticos\/\" class=\"more-link\">Leer m\u00e1s<\/a><\/p>\n","protected":false},"author":17,"featured_media":3976,"comment_status":"open","ping_status":"open","sticky":false,"template":"","format":"standard","meta":{"footnotes":""},"categories":[7,18],"tags":[],"class_list":["post-3974","post","type-post","status-publish","format-standard","has-post-thumbnail","hentry","category-entretenimiento","category-lomasrelevante","entry"],"_links":{"self":[{"href":"https:\/\/lavereda.com.mx\/index.php\/wp-json\/wp\/v2\/posts\/3974","targetHints":{"allow":["GET"]}}],"collection":[{"href":"https:\/\/lavereda.com.mx\/index.php\/wp-json\/wp\/v2\/posts"}],"about":[{"href":"https:\/\/lavereda.com.mx\/index.php\/wp-json\/wp\/v2\/types\/post"}],"author":[{"embeddable":true,"href":"https:\/\/lavereda.com.mx\/index.php\/wp-json\/wp\/v2\/users\/17"}],"replies":[{"embeddable":true,"href":"https:\/\/lavereda.com.mx\/index.php\/wp-json\/wp\/v2\/comments?post=3974"}],"version-history":[{"count":1,"href":"https:\/\/lavereda.com.mx\/index.php\/wp-json\/wp\/v2\/posts\/3974\/revisions"}],"predecessor-version":[{"id":3977,"href":"https:\/\/lavereda.com.mx\/index.php\/wp-json\/wp\/v2\/posts\/3974\/revisions\/3977"}],"wp:featuredmedia":[{"embeddable":true,"href":"https:\/\/lavereda.com.mx\/index.php\/wp-json\/wp\/v2\/media\/3976"}],"wp:attachment":[{"href":"https:\/\/lavereda.com.mx\/index.php\/wp-json\/wp\/v2\/media?parent=3974"}],"wp:term":[{"taxonomy":"category","embeddable":true,"href":"https:\/\/lavereda.com.mx\/index.php\/wp-json\/wp\/v2\/categories?post=3974"},{"taxonomy":"post_tag","embeddable":true,"href":"https:\/\/lavereda.com.mx\/index.php\/wp-json\/wp\/v2\/tags?post=3974"}],"curies":[{"name":"wp","href":"https:\/\/api.w.org\/{rel}","templated":true}]}}