{"id":3970,"date":"2022-07-26T21:48:10","date_gmt":"2022-07-26T21:48:10","guid":{"rendered":"http:\/\/lavereda.com.mx\/?p=3970"},"modified":"2022-07-27T19:05:40","modified_gmt":"2022-07-27T19:05:40","slug":"en-coahuila-las-vacaciones-son-de-lectura-virtual","status":"publish","type":"post","link":"https:\/\/lavereda.com.mx\/index.php\/2022\/07\/26\/en-coahuila-las-vacaciones-son-de-lectura-virtual\/","title":{"rendered":"Las vacaciones son de lectura virtual"},"content":{"rendered":"\n<p>\u201cEn Coahuila, las vacaciones son de lectura virtual\u201d, se\u00f1al\u00f3 la Secretaria de Cultura del Estado, Ana Sof\u00eda Garc\u00eda Camil.<\/p>\n\n\n\n<p>Esto luego de informar que su dependencia cuenta con un gran acervo literario virtual, mismo que est\u00e1 al alcance de las y los coahuilenses que deseen cultivar el h\u00e1bito de la lectura.<\/p>\n\n\n\n<p>\u201cPara quienes gustan de pasar este periodo vacacional en su hogar disfrutando de una buena lectura, tenemos un buen stock de libros virtuales, t\u00edtulos en espa\u00f1ol de descarga gratuita\u201d, dijo.&nbsp;<\/p>\n\n\n\n<p>Entre los g\u00e9neros literarios disponibles se encuentran novelas, poes\u00eda e historias, que pueden disfrutar chicos, j\u00f3venes y adultos que gozan de la lectura libre.<\/p>\n\n\n\n<p>\u201cSon bastantes t\u00edtulos, pero para los m\u00e1s peque\u00f1os de la casa tenemos magn\u00edficos libros como \u2018Mi primer Monstruo-\u00c1lbum\u2019, \u2018Preg\u00fantale a Luc\u00eda\u2019, \u2018\u00a1Vamos Todos a Jugar!\u2019, \u2018Los Ni\u00f1os del Mezquite\u2019, tambi\u00e9n \u2018Hero\u00ednas y h\u00e9roes de carne y hueso\u2019\u201d, detall\u00f3 Garc\u00eda Camil.<\/p>\n\n\n\n<p>Estos ejemplares est\u00e1n enfocados en el sector infantil y juvenil. Adem\u00e1s, la funcionaria estatal indic\u00f3 que estos y otros libros virtuales se pueden encontrar en el link <a href=\"https:\/\/coahuilacultura.gob.mx\/libros\/\">https:\/\/coahuilacultura.gob.mx\/libros\/<\/a> y <a href=\"https:\/\/coahuilacultura.gob.mx\/libros-infantiles-\">https:\/\/coahuilacultura.gob.mx\/libros-infantiles-<\/a> \/<\/p>\n\n\n\n<p>En estas p\u00e1ginas se encuentran actualmente m\u00e1s de 120 t\u00edtulos disponibles, como los siguientes:&nbsp;<\/p>\n\n\n\n<p>\u201cAlborada\u201d; \u201cSelecci\u00f3n de poemas\u201d, de Otilio Gonz\u00e1lez; y \u201cLeyendas, de Artemio de Valle Arizpe\u201d, ambos de Colecci\u00f3n Cl\u00e1sicos Coahuilenses de Bolsillo.<\/p>\n\n\n\n<figure class=\"wp-block-image size-large\"><img fetchpriority=\"high\" decoding=\"async\" width=\"1000\" height=\"737\" src=\"https:\/\/lavereda.com.mx\/wp-content\/uploads\/2022\/07\/thumbnail_003-EN-COAHUILA-LAS-VACACIONES-SON-DE-LECTURA-VIRTUAL.jpg\" alt=\"\" class=\"wp-image-3972\" srcset=\"https:\/\/lavereda.com.mx\/wp-content\/uploads\/2022\/07\/thumbnail_003-EN-COAHUILA-LAS-VACACIONES-SON-DE-LECTURA-VIRTUAL.jpg 1000w, https:\/\/lavereda.com.mx\/wp-content\/uploads\/2022\/07\/thumbnail_003-EN-COAHUILA-LAS-VACACIONES-SON-DE-LECTURA-VIRTUAL-300x221.jpg 300w, https:\/\/lavereda.com.mx\/wp-content\/uploads\/2022\/07\/thumbnail_003-EN-COAHUILA-LAS-VACACIONES-SON-DE-LECTURA-VIRTUAL-768x566.jpg 768w\" sizes=\"(max-width: 1000px) 100vw, 1000px\" \/><\/figure>\n\n\n\n<p>As\u00ed como ediciones de la Secretar\u00eda de Cultura como: \u201cMemoria del Cuarto Encuentro Internacional de Poes\u00eda Manuel Acu\u00f1a\u201d; \u201cLas flores desenfundan sus espinas\u201d; \u201cLas Banderas de M\u00e9xico\u201d; \u201cMadre ara\u00f1a\u201d; \u201c\u00bfSoy o no Soy? Esa es la cuesti\u00f3n \/ Cervantes, un artista del escape\u201d; \u201cEl mundo abreviado\u201d; \u201cUn paseo (en bicicleta) por la vida y obra de Julio Torri\u201d; \u201cHistorias en peltre\u201d; \u201c\u00a1Ay, Saltillo! Si tus calles hablaran\u2026\u201d; \u201cInv\u00edtame a leer. Conversaciones con gente de libros\u201d; \u201cEl Tarot: Del dilema a la met\u00e1fora\u201d.<\/p>\n\n\n\n<p>Tambi\u00e9n edici\u00f3n SC: \u201cLa gente del mezquite\u201d; \u201cLos n\u00f3madas del noreste en la Colonia\u201d; \u201cEntre los r\u00edos Nazas y Nadadores: don Dieguillo y otros dirigentes indios frente al poder\u00edo espa\u00f1ol\u201d; \u201cLos astros en las rocas de Coahuila: arqueolog\u00eda de los antiguos habitantes del desierto\u201d; \u201cEl rey de oro\u201d; \u201cSaltillo de mis sabores\u201d; \u201cArtefactos para dibujar una nereida\u201d; \u201cEn nombre de ese laurel\u201d; \u201cTomo I y II, El poeta, el condenado a vivir\u201d, \u201cLa batalla de Torre\u00f3n\u201d y \u201cLas Banderas de M\u00e9xico\u201d.<\/p>\n\n\n\n<p>En perseguirme, \u201cMundo, \u00bfQu\u00e9 interesas?\u201d, \u201cCumplimiento de la voluntad\u201d, \u201cIn extremis. Antolog\u00eda personal\u201d, \u201cTodav\u00eda hay un mar por cruzar para que yo invente mis pulmones\u201d, \u201cDanza de Matlachines\u201d, \u201cDesde esta orilla. Antolog\u00eda personal\u201d, \u201cTruco II (Un palimpsesto)\u201d, \u201cLa piel del animal acorralado. Antolog\u00eda personal\u201d.&nbsp;<\/p>\n\n\n\n<p>Mientras que en Edici\u00f3n del Consejo Editorial del Estado, cuenta con t\u00edtulos: \u201cLo Inesperado\u201d, de Blanca Estela Tallabas Moreno; \u201cAlma R\u00fastica\u201d; \u201cRimas con tiempo\u201d; \u201cVersos de Manuel Acu\u00f1a\u201d; \u201cT\u00f3nica de la Sangre\u201d; \u201cEl ladr\u00f3n de ata\u00fades y otros textos\u201d; \u201cCarranza, La ruta de Venustiano Carranza por Coahuila en 1913\u201d; \u201cEntre historias y consejas\u201d; \u201cHatillo de luci\u00e9rnagas\u201d; \u201cMiniaturas a manera de haik\u00fas\u201d; \u201cGuachichiles y franciscanos\u201d; \u201cProsas olvidadas\u201d; \u201cEstampas y recuerdos, Coahuilenses en el Congreso Constituyente\u201d; \u201cLeyendas, de Artemio de Valle Arizpe\u201d; \u201cEl canto fr\u00e1gil\u201d, \u201cAlborada. Selecci\u00f3n de poemas\u201d, De Otilio Gonz\u00e1lez, \u201cLos conjurados por la Independencia en las Provincias Internas de Oriente\u201d.<\/p>\n\n\n\n<p>Adem\u00e1s, los interesados pueden acceder a libros como: \u201cVilla en Sabinas\u201d, \u201cPensamiento cr\u00edtico en la educaci\u00f3n\u201d, \u201cEl fuego que arras\u00f3 mis llanuras\u201d, \u201cLado sur: narrativa y po\u00e9tica de finales del siglo XX y principios del XXI\u201d, \u201cPapiro Villaldama\u201d, \u201cAndurriales de un pistolero cool\u201d, \u201cLa mujer de jade y otros cuentos\u201d, \u201cOjo por diente\u201d, \u201cEl Bibliotecario Ciego\u201d, \u201cEl Pasado, Brujer\u00eda y hechicer\u00eda en la Villa de Santiago del Saltillo\u201d, \u201cM\u00e1ximas y aforismos, Gobelino medieval\u201d \u201cThe lady and the unicorn\u201d.<\/p>\n\n\n\n<p>\u201cLas hojas sueltas del cronista\u201d, \u201cEl esqueleto, el hada y otros textos\u201d, \u201cAl cielo se va por atajos, San Ildefonso de Paz\u201d, \u201cY no hall\u00e9 cosa en qu\u00e9 poner los ojos\u201d, \u201cDramaturgia resiliente\u201d, \u201cNo es una antolog\u00eda\u201d, \u201cEl milagro del milagrito\u201d, \u201cPerro Azul\u201d, \u201cCamino Real de Tierra Afuera. De Zacatecas a Texas\u201d, \u201cNo se lo cuentes a nadie (cr\u00f3nicas desde el moridero)\u201d, \u201cLegado juvenil\u201d, \u201cLa Ceniza Archivada\u201d, \u201cEl espectacular fin de una estrella\u201d, \u201cTropa Vieja\u201d, \u201cLos archivos de la desolaci\u00f3n\u201d y \u201cLa consumaci\u00f3n de la Independencia en Saltillo\u201d.<\/p>\n","protected":false},"excerpt":{"rendered":"<p>\u201cEn Coahuila, las vacaciones son de lectura virtual\u201d, se\u00f1al\u00f3 la Secretaria de Cultura del Estado, Ana Sof\u00eda Garc\u00eda Camil. Esto luego de informar que su dependencia cuenta con un gran &hellip; <a href=\"https:\/\/lavereda.com.mx\/index.php\/2022\/07\/26\/en-coahuila-las-vacaciones-son-de-lectura-virtual\/\" class=\"more-link\">Leer m\u00e1s<\/a><\/p>\n","protected":false},"author":17,"featured_media":3971,"comment_status":"open","ping_status":"open","sticky":false,"template":"","format":"standard","meta":{"footnotes":""},"categories":[5,18],"tags":[],"class_list":["post-3970","post","type-post","status-publish","format-standard","has-post-thumbnail","hentry","category-letras-y-libros","category-lomasrelevante","entry"],"_links":{"self":[{"href":"https:\/\/lavereda.com.mx\/index.php\/wp-json\/wp\/v2\/posts\/3970","targetHints":{"allow":["GET"]}}],"collection":[{"href":"https:\/\/lavereda.com.mx\/index.php\/wp-json\/wp\/v2\/posts"}],"about":[{"href":"https:\/\/lavereda.com.mx\/index.php\/wp-json\/wp\/v2\/types\/post"}],"author":[{"embeddable":true,"href":"https:\/\/lavereda.com.mx\/index.php\/wp-json\/wp\/v2\/users\/17"}],"replies":[{"embeddable":true,"href":"https:\/\/lavereda.com.mx\/index.php\/wp-json\/wp\/v2\/comments?post=3970"}],"version-history":[{"count":2,"href":"https:\/\/lavereda.com.mx\/index.php\/wp-json\/wp\/v2\/posts\/3970\/revisions"}],"predecessor-version":[{"id":3979,"href":"https:\/\/lavereda.com.mx\/index.php\/wp-json\/wp\/v2\/posts\/3970\/revisions\/3979"}],"wp:featuredmedia":[{"embeddable":true,"href":"https:\/\/lavereda.com.mx\/index.php\/wp-json\/wp\/v2\/media\/3971"}],"wp:attachment":[{"href":"https:\/\/lavereda.com.mx\/index.php\/wp-json\/wp\/v2\/media?parent=3970"}],"wp:term":[{"taxonomy":"category","embeddable":true,"href":"https:\/\/lavereda.com.mx\/index.php\/wp-json\/wp\/v2\/categories?post=3970"},{"taxonomy":"post_tag","embeddable":true,"href":"https:\/\/lavereda.com.mx\/index.php\/wp-json\/wp\/v2\/tags?post=3970"}],"curies":[{"name":"wp","href":"https:\/\/api.w.org\/{rel}","templated":true}]}}