{"id":3964,"date":"2022-07-25T23:28:26","date_gmt":"2022-07-25T23:28:26","guid":{"rendered":"http:\/\/lavereda.com.mx\/?p=3964"},"modified":"2022-07-26T00:07:09","modified_gmt":"2022-07-26T00:07:09","slug":"kate-del-castillo-encabeza-en-nueva-temporada-de-taller-de-actores-profesionales","status":"publish","type":"post","link":"https:\/\/lavereda.com.mx\/index.php\/2022\/07\/25\/kate-del-castillo-encabeza-en-nueva-temporada-de-taller-de-actores-profesionales\/","title":{"rendered":"Kate del Castillo encabeza en nueva temporada del Taller de Actores Profesionales"},"content":{"rendered":"\n<p>Hoy se da por inaugurado el Taller de Actores Profesionales por la gran actriz Kate del Castillo, dando inicio a la 11va temporada del T.A.P. conducido por Oscar Uriel y producido por Bruno Bichir.<\/p>\n\n\n\n<p>Bajo la conducci\u00f3n del periodista \u00d3scar Uriel conoceremos las historias y experiencias de 13 personalidades entra\u00f1ables del mundo art\u00edstico mexicano, siendo Kate del Castillo la encargada de abrir los telones de este T.A.P 2022. Reuniones que ser\u00e1n transmitidas todos los lunes a partir de las 19 hrs., con repeticiones los s\u00e1bados a las 20 hrs. en el Canal Once.<\/p>\n\n\n\n<p>Oriunda de la Ciudad de M\u00e9xico, Kate creci\u00f3 en un ambiente repleto de arte, c\u00e1maras y luces al ser hija del consagrado actor mexicano, Erick del Castillo. Los sets fueron su segundo hogar durante su ni\u00f1ez y adolescencia, poco a poco comenz\u00f3 su trabajo actoral en spots publicitarios, pel\u00edculas y videohomes, hasta que obtuvo un papel protag\u00f3nico en la producci\u00f3n juvenil titulada Muchachitas (1991).<\/p>\n\n\n\n<figure class=\"wp-block-image size-large\"><img fetchpriority=\"high\" decoding=\"async\" width=\"1000\" height=\"578\" src=\"https:\/\/lavereda.com.mx\/wp-content\/uploads\/2022\/07\/DSC3201-1.jpg\" alt=\"\" class=\"wp-image-3966\" srcset=\"https:\/\/lavereda.com.mx\/wp-content\/uploads\/2022\/07\/DSC3201-1.jpg 1000w, https:\/\/lavereda.com.mx\/wp-content\/uploads\/2022\/07\/DSC3201-1-300x173.jpg 300w, https:\/\/lavereda.com.mx\/wp-content\/uploads\/2022\/07\/DSC3201-1-768x444.jpg 768w\" sizes=\"(max-width: 1000px) 100vw, 1000px\" \/><\/figure>\n\n\n\n<p>Ese fue el inicio de sus \u00e9xitos, Kate del Castillo comenz\u00f3 a participar en destacables producciones televisivas como <em>Alguna vez tendremos Alas <\/em>(1997), <em>American Family<\/em> (2002), <em>Ingobernable <\/em>(2017) y<em> La Reina del Sur <\/em>(2011); m\u00e1s de 30 largometrajes como <em>Visitantes <\/em>(2014), <em>American Visa<\/em> (2005), <em>Bad Boys for Life<\/em> (2020) y <em>La Misma Luna<\/em> (2008); y m\u00e1s de una docena de obras de teatro, como la puesta en escena <em>The way she spoke<\/em> (2019).<\/p>\n\n\n\n<p>La tambi\u00e9n productora y fundadora de Cholawood Productions, ha sido nominada en diferentes premiaciones significativas como en los Premios Ariel en el 2005 o los Premios Platino en 2018; y galardonada con reconocimientos como \u201cEl Col\u00f3n de Plata\u201d en el Festival de Cine Latinoamericano de Huelva por su participaci\u00f3n en <em>American Visa <\/em>en el 2006 y obtuvo una Diosa de Plata a Mejor Actriz por su papel en <em>La Misma Luna <\/em>en el a\u00f1o 2008. Nominaciones y distinciones que reconocen lo s\u00f3lido de su trayectoria.<\/p>\n\n\n\n<p>As\u00ed que, no se puede perder estos estrenos en compa\u00f1\u00eda del periodista \u00d3scar Uriel, empezando por hoy en el Canal Once en punto de las 19 hrs.<\/p>\n","protected":false},"excerpt":{"rendered":"<p>Hoy se da por inaugurado el Taller de Actores Profesionales por la gran actriz Kate del Castillo, dando inicio a la 11va temporada del T.A.P. conducido por Oscar Uriel y &hellip; <a href=\"https:\/\/lavereda.com.mx\/index.php\/2022\/07\/25\/kate-del-castillo-encabeza-en-nueva-temporada-de-taller-de-actores-profesionales\/\" class=\"more-link\">Leer m\u00e1s<\/a><\/p>\n","protected":false},"author":17,"featured_media":3967,"comment_status":"open","ping_status":"open","sticky":false,"template":"","format":"standard","meta":{"footnotes":""},"categories":[7,18],"tags":[],"class_list":["post-3964","post","type-post","status-publish","format-standard","has-post-thumbnail","hentry","category-entretenimiento","category-lomasrelevante","entry"],"_links":{"self":[{"href":"https:\/\/lavereda.com.mx\/index.php\/wp-json\/wp\/v2\/posts\/3964","targetHints":{"allow":["GET"]}}],"collection":[{"href":"https:\/\/lavereda.com.mx\/index.php\/wp-json\/wp\/v2\/posts"}],"about":[{"href":"https:\/\/lavereda.com.mx\/index.php\/wp-json\/wp\/v2\/types\/post"}],"author":[{"embeddable":true,"href":"https:\/\/lavereda.com.mx\/index.php\/wp-json\/wp\/v2\/users\/17"}],"replies":[{"embeddable":true,"href":"https:\/\/lavereda.com.mx\/index.php\/wp-json\/wp\/v2\/comments?post=3964"}],"version-history":[{"count":2,"href":"https:\/\/lavereda.com.mx\/index.php\/wp-json\/wp\/v2\/posts\/3964\/revisions"}],"predecessor-version":[{"id":3969,"href":"https:\/\/lavereda.com.mx\/index.php\/wp-json\/wp\/v2\/posts\/3964\/revisions\/3969"}],"wp:featuredmedia":[{"embeddable":true,"href":"https:\/\/lavereda.com.mx\/index.php\/wp-json\/wp\/v2\/media\/3967"}],"wp:attachment":[{"href":"https:\/\/lavereda.com.mx\/index.php\/wp-json\/wp\/v2\/media?parent=3964"}],"wp:term":[{"taxonomy":"category","embeddable":true,"href":"https:\/\/lavereda.com.mx\/index.php\/wp-json\/wp\/v2\/categories?post=3964"},{"taxonomy":"post_tag","embeddable":true,"href":"https:\/\/lavereda.com.mx\/index.php\/wp-json\/wp\/v2\/tags?post=3964"}],"curies":[{"name":"wp","href":"https:\/\/api.w.org\/{rel}","templated":true}]}}