{"id":3959,"date":"2022-07-25T03:12:20","date_gmt":"2022-07-25T03:12:20","guid":{"rendered":"http:\/\/lavereda.com.mx\/?p=3959"},"modified":"2022-07-25T03:12:21","modified_gmt":"2022-07-25T03:12:21","slug":"fallece-el-escritor-y-cronista-manuel-teran-lira","status":"publish","type":"post","link":"https:\/\/lavereda.com.mx\/index.php\/2022\/07\/25\/fallece-el-escritor-y-cronista-manuel-teran-lira\/","title":{"rendered":"Fallece el escritor y cronista Manuel Ter\u00e1n Lira"},"content":{"rendered":"\n<p>\u00ab\u00c1nimo laguneros, a rajarse a su rancho\u00bb. Era una de las frases legendarias del Dr. Manuel Ter\u00e1n Lira, cronista y escritor, promotor de la historia de Torre\u00f3n que falleci\u00f3 este fin de semana a la edad de 83 a\u00f1os. Una de las personas que m\u00e1s se dedic\u00f3 a promover la identidad lagunera, a trav\u00e9s de sus cr\u00f3nicas y la escritura de cuentos y leyendas.<\/p>\n\n\n\n<p>Naci\u00f3 en Torre\u00f3n, Coahuila, el 1 de enero de 1939. Narrador. Fue editor de <em>Revista Revoluci\u00f3n<\/em>. Director del Museo de la Revoluci\u00f3n, que se ubicaba en la antigua Casa Colorada. Colaborador de <em>El Porvenir, El Siglo de Torre\u00f3n, El Sol de Durango, Jueves de Exc\u00e9lsior, La Opini\u00f3n<\/em> y <em>Noticias<\/em>.<\/p>\n\n\n\n<p>Fue autor de m\u00e1s de una docena de libros sobre historia, narrativa y leyendas de nuestra regi\u00f3n, como: \u00abHistoria de Torre\u00f3n\u00bb, \u00abFrancisco Villa y la toma de Torre\u00f3n\u00bb, \u00abDesde Macondo\u00bb, \u00abLoter\u00eda\u00bb, \u00abEl ni\u00f1o Fidencio\u00bb, \u00abLeyendas laguneras\u00bb, entre otros. Varios de sus libros se pueden consultar en la biblioteca del Archivo Municipal.<\/p>\n\n\n\n<p>Fue conductor de televisi\u00f3n en Canal 9, hoy Multimedios Laguna; donde hizo populares muchas leyendas sobre Francisco Villa y la Revoluci\u00f3n. \u201cV\u00e1monos que ya ensillaron\u201d, sol\u00eda decir el escritor.<\/p>\n\n\n\n<p>Que en paz descanse.<\/p>\n","protected":false},"excerpt":{"rendered":"<p>\u00ab\u00c1nimo laguneros, a rajarse a su rancho\u00bb. Era una de las frases legendarias del Dr. Manuel Ter\u00e1n Lira, cronista y escritor, promotor de la historia de Torre\u00f3n que falleci\u00f3 este &hellip; <a href=\"https:\/\/lavereda.com.mx\/index.php\/2022\/07\/25\/fallece-el-escritor-y-cronista-manuel-teran-lira\/\" class=\"more-link\">Leer m\u00e1s<\/a><\/p>\n","protected":false},"author":9,"featured_media":3960,"comment_status":"open","ping_status":"open","sticky":false,"template":"","format":"standard","meta":{"footnotes":""},"categories":[5,18],"tags":[],"class_list":["post-3959","post","type-post","status-publish","format-standard","has-post-thumbnail","hentry","category-letras-y-libros","category-lomasrelevante","entry"],"_links":{"self":[{"href":"https:\/\/lavereda.com.mx\/index.php\/wp-json\/wp\/v2\/posts\/3959","targetHints":{"allow":["GET"]}}],"collection":[{"href":"https:\/\/lavereda.com.mx\/index.php\/wp-json\/wp\/v2\/posts"}],"about":[{"href":"https:\/\/lavereda.com.mx\/index.php\/wp-json\/wp\/v2\/types\/post"}],"author":[{"embeddable":true,"href":"https:\/\/lavereda.com.mx\/index.php\/wp-json\/wp\/v2\/users\/9"}],"replies":[{"embeddable":true,"href":"https:\/\/lavereda.com.mx\/index.php\/wp-json\/wp\/v2\/comments?post=3959"}],"version-history":[{"count":1,"href":"https:\/\/lavereda.com.mx\/index.php\/wp-json\/wp\/v2\/posts\/3959\/revisions"}],"predecessor-version":[{"id":3961,"href":"https:\/\/lavereda.com.mx\/index.php\/wp-json\/wp\/v2\/posts\/3959\/revisions\/3961"}],"wp:featuredmedia":[{"embeddable":true,"href":"https:\/\/lavereda.com.mx\/index.php\/wp-json\/wp\/v2\/media\/3960"}],"wp:attachment":[{"href":"https:\/\/lavereda.com.mx\/index.php\/wp-json\/wp\/v2\/media?parent=3959"}],"wp:term":[{"taxonomy":"category","embeddable":true,"href":"https:\/\/lavereda.com.mx\/index.php\/wp-json\/wp\/v2\/categories?post=3959"},{"taxonomy":"post_tag","embeddable":true,"href":"https:\/\/lavereda.com.mx\/index.php\/wp-json\/wp\/v2\/tags?post=3959"}],"curies":[{"name":"wp","href":"https:\/\/api.w.org\/{rel}","templated":true}]}}