{"id":3938,"date":"2022-07-22T01:11:11","date_gmt":"2022-07-22T01:11:11","guid":{"rendered":"http:\/\/lavereda.com.mx\/?p=3938"},"modified":"2022-07-22T17:22:33","modified_gmt":"2022-07-22T17:22:33","slug":"g-a-i-a-1-0-oda-al-khaos","status":"publish","type":"post","link":"https:\/\/lavereda.com.mx\/index.php\/2022\/07\/22\/g-a-i-a-1-0-oda-al-khaos\/","title":{"rendered":"G.A.I.A. 1.0: Oda al Khaos"},"content":{"rendered":"\n<p>La Oda al Khaos llega este viernes 22 de Julio a la \u201ccueva\u201d de Torre\u00f3n, Ojo de Tigre. Un show con tem\u00e1tica cyberpunk queer que no s\u00f3lo busca dar espacio a las personas que se sienten diferentes, sino que busca tanto dar a conocer la comunidad art\u00edstica de G.A.I.A. como impulsar el arte en la Laguna, mostrando y dando a conocer varios artistas locales que merecen mayor difusi\u00f3n as\u00ed como al proyecto.\u00a0<\/p>\n\n\n\n<p>Edgar Leal, uno de los organizadores, define el G.A.I.A. Fest en varias ideas:<\/p>\n\n\n\n<p class=\"has-text-align-left\">\u201cEste evento se llama G.A.I.A. Fest 1.0, Oda al Khaos, \u00bfpor qu\u00e9 se llama as\u00ed? Para entenderlo hay que dividirlo en dos partes.<\/p>\n\n\n\n<p class=\"has-text-align-left\">La primera es \u201cG.A.I.A. Fest 1.0\u201d \u00e9ste es el t\u00edtulo, ahora tendr\u00e9 que dividirlo otra vez, en 3 partes.<\/p>\n\n\n\n<p class=\"has-text-align-left\">\u201cG.A.I.A.\u201d es el nombre de un proyecto art\u00edstico que queremos presentar al mundo. La idea es crear un universo ficticio y contar una historia en forma de un \u00e1lbum musical, conforme se fue desarrollando se convirti\u00f3 en un universo ficticio que servir\u00eda como base para que diferentes artistas pudieran expresarse de formas distintas.<\/p>\n\n\n\n<p class=\"has-text-align-left\">\u00a0Y ahora \u201cfest 1.0\u201d: Para llevara a cabo una idea tan ambiciosa se requieren fondos, los cuales no tenemos, si queremos que m\u00e1s artistas se sumen a nuestra visi\u00f3n debe haber algo de valor para ellos, por eso decidimos hacer una serie de festivales, d\u00f3nde los artistas puedan presentarse y de ah\u00ed, conforme pase el tiempo, tengamos algo que ofrecerles. Este evento fungir\u00e1 como piloto, habr\u00e1 m\u00e1s festivales con diferentes tem\u00e1ticas, y cada vez ser\u00e1n m\u00e1s grandes y m\u00e1s ambiciosos.<\/p>\n\n\n\n<p class=\"has-text-align-left\">Luego est\u00e1 el subt\u00edtulo: \u201cOda al Khaos\u201d: Una oda es una alabanza musicalizada, y \u00e9sto es precisamente lo que ser\u00e1, \u201cKhaos\u201d se puede interpretar de 2 maneras. El Caos, es lo opuesto al orden, es lo que pasa cuando se pierde todo el control y entendimiento. Este concepto ser\u00e1 parte fundamental de nuestra obra, pero no es el \u00fanico significado.<\/p>\n\n\n\n<p class=\"has-text-align-left\">\u00a0Ya que este evento, adem\u00e1s de lo antes mencionado, es para celebrar mi cumplea\u00f1os, yo quiero que se celebre en grande, y no solo que se me festeje a m\u00ed, sino que se festeje algo que realmente me importa, eso es el \u201cKhaos\u201d. Quiero que en una noche se celebre todo lo que normalmente se juzga, lo raro, lo inusual,lo intenso, lo exc\u00e9ntrico, lo exuberante, lo ca\u00f3tico. Quiero por una noche sentirme adecuado entre lo inadecuado, correcto entre lo incorrecto, comprendido entre lo incomprendido, normal entre lo raro, c\u00f3modo entre lo inc\u00f3modo, aceptado entre lo rechazado; y si alguien quisiera sentirse de la misma manera, espero poder verlos ah\u00ed.\u201d<\/p>\n\n\n\n<figure class=\"wp-block-image size-large\"><img fetchpriority=\"high\" decoding=\"async\" width=\"1000\" height=\"523\" src=\"https:\/\/lavereda.com.mx\/wp-content\/uploads\/2022\/07\/WhatsApp-Image-2022-07-22-at-10.20.49-AM.jpeg\" alt=\"\" class=\"wp-image-3951\" srcset=\"https:\/\/lavereda.com.mx\/wp-content\/uploads\/2022\/07\/WhatsApp-Image-2022-07-22-at-10.20.49-AM.jpeg 1000w, https:\/\/lavereda.com.mx\/wp-content\/uploads\/2022\/07\/WhatsApp-Image-2022-07-22-at-10.20.49-AM-300x157.jpeg 300w, https:\/\/lavereda.com.mx\/wp-content\/uploads\/2022\/07\/WhatsApp-Image-2022-07-22-at-10.20.49-AM-768x402.jpeg 768w\" sizes=\"(max-width: 1000px) 100vw, 1000px\" \/><\/figure>\n\n\n\n<p>Los proyectos musicales son desde g\u00e9neros rock hasta electr\u00f3nica, dichos m\u00fasicos ser\u00e1n:<\/p>\n\n\n\n<ul class=\"wp-block-list\"><li>Purple Punch<\/li><li>Innsmouth<\/li><li>Evil Twins<\/li><li>Se\u00f1orita Inestable<\/li><li>Cvltoz<\/li><li>G.A.I.A.<\/li><\/ul>\n\n\n\n<p>A partir de las 7:00 pm hasta la 1:00 am se podr\u00e1 acceder al evento en Ojo de Tigre de Torre\u00f3n (Calle Rodr\u00edguez 135-B, Zona Centro 27000 Torre\u00f3n, M\u00e9xico) pagando un cover de 50 pesos.<\/p>\n","protected":false},"excerpt":{"rendered":"<p>La Oda al Khaos llega este viernes 22 de Julio a la \u201ccueva\u201d de Torre\u00f3n, Ojo de Tigre. Un show con tem\u00e1tica cyberpunk queer que no s\u00f3lo busca dar espacio &hellip; <a href=\"https:\/\/lavereda.com.mx\/index.php\/2022\/07\/22\/g-a-i-a-1-0-oda-al-khaos\/\" class=\"more-link\">Leer m\u00e1s<\/a><\/p>\n","protected":false},"author":17,"featured_media":3945,"comment_status":"open","ping_status":"open","sticky":false,"template":"","format":"standard","meta":{"footnotes":""},"categories":[18,4],"tags":[],"class_list":["post-3938","post","type-post","status-publish","format-standard","has-post-thumbnail","hentry","category-lomasrelevante","category-musica","entry"],"_links":{"self":[{"href":"https:\/\/lavereda.com.mx\/index.php\/wp-json\/wp\/v2\/posts\/3938","targetHints":{"allow":["GET"]}}],"collection":[{"href":"https:\/\/lavereda.com.mx\/index.php\/wp-json\/wp\/v2\/posts"}],"about":[{"href":"https:\/\/lavereda.com.mx\/index.php\/wp-json\/wp\/v2\/types\/post"}],"author":[{"embeddable":true,"href":"https:\/\/lavereda.com.mx\/index.php\/wp-json\/wp\/v2\/users\/17"}],"replies":[{"embeddable":true,"href":"https:\/\/lavereda.com.mx\/index.php\/wp-json\/wp\/v2\/comments?post=3938"}],"version-history":[{"count":3,"href":"https:\/\/lavereda.com.mx\/index.php\/wp-json\/wp\/v2\/posts\/3938\/revisions"}],"predecessor-version":[{"id":3952,"href":"https:\/\/lavereda.com.mx\/index.php\/wp-json\/wp\/v2\/posts\/3938\/revisions\/3952"}],"wp:featuredmedia":[{"embeddable":true,"href":"https:\/\/lavereda.com.mx\/index.php\/wp-json\/wp\/v2\/media\/3945"}],"wp:attachment":[{"href":"https:\/\/lavereda.com.mx\/index.php\/wp-json\/wp\/v2\/media?parent=3938"}],"wp:term":[{"taxonomy":"category","embeddable":true,"href":"https:\/\/lavereda.com.mx\/index.php\/wp-json\/wp\/v2\/categories?post=3938"},{"taxonomy":"post_tag","embeddable":true,"href":"https:\/\/lavereda.com.mx\/index.php\/wp-json\/wp\/v2\/tags?post=3938"}],"curies":[{"name":"wp","href":"https:\/\/api.w.org\/{rel}","templated":true}]}}