{"id":392,"date":"2020-08-16T00:24:47","date_gmt":"2020-08-16T00:24:47","guid":{"rendered":"https:\/\/web.lavereda.com.mx\/?p=392"},"modified":"2020-08-16T00:24:47","modified_gmt":"2020-08-16T00:24:47","slug":"alcalde-de-torreon-anuncia-la-apertura-de-museos-y-cines","status":"publish","type":"post","link":"https:\/\/lavereda.com.mx\/index.php\/2020\/08\/16\/alcalde-de-torreon-anuncia-la-apertura-de-museos-y-cines\/","title":{"rendered":"Alcalde de Torre\u00f3n anuncia la apertura de museos y cines"},"content":{"rendered":"\n<p>La ma\u00f1ana de este lunes se llev\u00f3 a cabo la reuni\u00f3n del Subcomit\u00e9 de Salud en La Laguna, al t\u00e9rmino de la misma, el alcalde Jorge Zerme\u00f1o Infante inform\u00f3 que se determin\u00f3 abrir los museos y los cines, acatando en todo momento los protocolos de salud y que el aforo sea del 25 por ciento de la capacidad total.<\/p>\n\n\n\n<hr class=\"wp-block-separator\" id=\"system-readmore\"\/>\n\n\n\n<p><br>\u201cPoco a poco se est\u00e1n autorizando aperturas de otras actividades comerciales, vigilando que se cumplan y lleven a cabo los protocolos de salud, para evitar contagios entre la poblaci\u00f3n. Todos los comercios que sean autorizados por el Subcomit\u00e9 de Salud, deben cumplir con el uso obligatorio de cubrebocas, mantener sana distancia, uso de gel antibacterial y desinfecci\u00f3n constante en sus instalaciones\u201d, manifest\u00f3 el alcalde de Torre\u00f3n.<\/p>\n\n\n\n<p><br>Respecto al tradicional Grito de Independencia, Zerme\u00f1o Infante manifest\u00f3 que no se llevar\u00e1 a cabo por motivo de la pandemia y se tiene que analizar c\u00f3mo se conmemorar\u00e1n las fiestas de la ciudad y las fiestas patrias, ya que no se pretende convocar masivamente a las personas, para seguir cuidando la salud de todos.<\/p>\n\n\n\n<p><br>En Torre\u00f3n, poco a poco se ha dado la apertura controlada de negocios, con protocolos de salud espec\u00edficos para cada giro y evento; en el caso de eventos sociales, el Subcomit\u00e9 ha otorgado permisos para su realizaci\u00f3n, siempre y cuando se cumpla con un aforo del 25 por ciento de la capacidad total, precis\u00f3 el edil.<\/p>\n","protected":false},"excerpt":{"rendered":"<p>La ma\u00f1ana de este lunes se llev\u00f3 a cabo la reuni\u00f3n del Subcomit\u00e9 de Salud en La Laguna, al t\u00e9rmino de la misma, el alcalde Jorge Zerme\u00f1o Infante inform\u00f3 que se determin\u00f3 abrir los museos y los cines, acatando en todo momento los protocolos de salud y que el aforo sea del 25 por ciento de la capacidad total.<\/p>\n","protected":false},"author":1,"featured_media":171,"comment_status":"open","ping_status":"open","sticky":false,"template":"","format":"standard","meta":{"footnotes":""},"categories":[8],"tags":[],"class_list":["post-392","post","type-post","status-publish","format-standard","has-post-thumbnail","hentry","category-sociedad","entry"],"_links":{"self":[{"href":"https:\/\/lavereda.com.mx\/index.php\/wp-json\/wp\/v2\/posts\/392","targetHints":{"allow":["GET"]}}],"collection":[{"href":"https:\/\/lavereda.com.mx\/index.php\/wp-json\/wp\/v2\/posts"}],"about":[{"href":"https:\/\/lavereda.com.mx\/index.php\/wp-json\/wp\/v2\/types\/post"}],"author":[{"embeddable":true,"href":"https:\/\/lavereda.com.mx\/index.php\/wp-json\/wp\/v2\/users\/1"}],"replies":[{"embeddable":true,"href":"https:\/\/lavereda.com.mx\/index.php\/wp-json\/wp\/v2\/comments?post=392"}],"version-history":[{"count":1,"href":"https:\/\/lavereda.com.mx\/index.php\/wp-json\/wp\/v2\/posts\/392\/revisions"}],"predecessor-version":[{"id":393,"href":"https:\/\/lavereda.com.mx\/index.php\/wp-json\/wp\/v2\/posts\/392\/revisions\/393"}],"wp:featuredmedia":[{"embeddable":true,"href":"https:\/\/lavereda.com.mx\/index.php\/wp-json\/wp\/v2\/media\/171"}],"wp:attachment":[{"href":"https:\/\/lavereda.com.mx\/index.php\/wp-json\/wp\/v2\/media?parent=392"}],"wp:term":[{"taxonomy":"category","embeddable":true,"href":"https:\/\/lavereda.com.mx\/index.php\/wp-json\/wp\/v2\/categories?post=392"},{"taxonomy":"post_tag","embeddable":true,"href":"https:\/\/lavereda.com.mx\/index.php\/wp-json\/wp\/v2\/tags?post=392"}],"curies":[{"name":"wp","href":"https:\/\/api.w.org\/{rel}","templated":true}]}}