{"id":3911,"date":"2022-07-20T01:23:50","date_gmt":"2022-07-20T01:23:50","guid":{"rendered":"http:\/\/lavereda.com.mx\/?p=3911"},"modified":"2022-07-20T23:10:05","modified_gmt":"2022-07-20T23:10:05","slug":"lola-mar-diaz-insulation-presentan-una-noche-en-el-continental","status":"publish","type":"post","link":"https:\/\/lavereda.com.mx\/index.php\/2022\/07\/20\/lola-mar-diaz-insulation-presentan-una-noche-en-el-continental\/","title":{"rendered":"Con puesta en escena ofrecen un homenaje al Torre\u00f3n de los 50&#8217;s"},"content":{"rendered":"\n<ul class=\"wp-block-list\"><li><em>Las funciones en el mes de julio ser\u00e1n los d\u00edas&nbsp; 21, 22, 23, 29 y 30 al interior de Caf\u00e9 continental de Hotel R\u00edo Nazas.<\/em><\/li><\/ul>\n\n\n\n<p>\u00abUna noche en el continental\u00bb dirigida por Enrique Esquivel es una obra que llevar\u00e1 al p\u00fablico al pasado y le invitar\u00e1 a vivir una incre\u00edble aventura junto a Elena, una escritora que visita Torre\u00f3n y Alejandro, un joven inexperimentado. Protagonizada por Estefan\u00eda Marrufo y Javier D\u00edaz, esta pieza trata de una comedia rom\u00e1ntica que busca revivir una de las \u00e9pocas doradas de Torre\u00f3n y contar una ef\u00edmera y apasionante historia de amor.<\/p>\n\n\n\n<figure class=\"wp-block-image size-large\"><img fetchpriority=\"high\" decoding=\"async\" width=\"1000\" height=\"666\" src=\"https:\/\/lavereda.com.mx\/wp-content\/uploads\/2022\/07\/WhatsApp-Image-2022-07-19-at-11.12.11-AM-2.jpeg\" alt=\"\" class=\"wp-image-3912\" srcset=\"https:\/\/lavereda.com.mx\/wp-content\/uploads\/2022\/07\/WhatsApp-Image-2022-07-19-at-11.12.11-AM-2.jpeg 1000w, https:\/\/lavereda.com.mx\/wp-content\/uploads\/2022\/07\/WhatsApp-Image-2022-07-19-at-11.12.11-AM-2-300x200.jpeg 300w, https:\/\/lavereda.com.mx\/wp-content\/uploads\/2022\/07\/WhatsApp-Image-2022-07-19-at-11.12.11-AM-2-768x511.jpeg 768w\" sizes=\"(max-width: 1000px) 100vw, 1000px\" \/><\/figure>\n\n\n\n<p class=\"has-text-align-center\"><strong>Un homenaje a los recuerdos y memorias del Torre\u00f3n de los 50\u00b4s<\/strong><\/p>\n\n\n\n<p>La comedia est\u00e1 basada en \u201cLa dama del perrito\u201d de A. Ch\u00e9jov y \u201cEl juego de Yalta\u201d de B. Friel. El esplendor que se ha mantenido con el paso de los a\u00f1os es el que llev\u00f3 a Enrique Esquivel, director y adaptador de esta historia, a buscar convertirlo en un foro en donde pueda desarrollarse la historia de \u201cUna noche en el Continental\u201d, situada en la d\u00e9cada de inauguraci\u00f3n del hotel y que narra la breve pero intensa historia entre una Elena Garro imaginaria y Alejandro G\u00f3mez, un joven torreonense asiduo al Caf\u00e9 Continental.<\/p>\n\n\n\n<p>Esta historia sucede entre los hist\u00f3ricos murales de Alberto Ruiz, mismos que reflejan&nbsp;&nbsp;estampas en el tiempo de momentos significativos de la historia de la ciudad as\u00ed como de sus costumbres, contrario a la historia de \u201cUna noche en el Continental\u201d en la que los valores convencionales de la \u00e9poca son subvertidos, para que \u201cElena\u201d y Alejandro\u201d puedan entrar al juego de Yalta, mismo que consiste en buscar que la vida sea m\u00e1s intensa y m\u00e1s llena de luz que el gris apagado de la cotidianidad, una de las premisas que son caracter\u00edsticas del autor original y un exponente reconocido en la historia del teatro, Ant\u00f3n Ch\u00e9jov.<\/p>\n\n\n\n<p>El estreno de este montaje sucedi\u00f3 los d\u00edas 15 y 16 de julio, con un grupo mezclado de torreonenses, y turistas, especialmente un grupo de Morelos que se alojaba en dicho hotel. Habr\u00e1 una corta temporada durante el mes de julio, los d\u00edas&nbsp; 21, 22, 23, 29 y 30 de julio al interior de Caf\u00e9 continental de Hotel R\u00edo Nazas, ubicado en la Avenida Morelos #732 poniente, todas las funciones ser\u00e1n a las 21:00 hrs. <\/p>\n\n\n\n<p>Es indispensable realizar&nbsp; reservaci\u00f3n en las redes sociales de la compa\u00f1\u00eda LOLA MAR o al tel\u00e9fono 8711049168 v\u00eda llamada o mensajer\u00eda instant\u00e1nea. Asimismo pueden acudir al Restaurante Continental a adquirir sus boletos de Martes a domingo entre 9:00 A.M. y 4:00 P.M.<\/p>\n\n\n\n<div class=\"wp-block-columns is-layout-flex wp-container-core-columns-is-layout-9d6595d7 wp-block-columns-is-layout-flex\">\n<div class=\"wp-block-column is-layout-flow wp-block-column-is-layout-flow\" style=\"flex-basis:100%\"><\/div>\n<\/div>\n\n\n\n<figure class=\"wp-block-gallery columns-2 is-cropped wp-block-gallery-1 is-layout-flex wp-block-gallery-is-layout-flex\"><ul class=\"blocks-gallery-grid\"><li class=\"blocks-gallery-item\"><figure><img decoding=\"async\" width=\"1000\" height=\"666\" src=\"https:\/\/lavereda.com.mx\/wp-content\/uploads\/2022\/07\/WhatsApp-Image-2022-07-19-at-11.12.11-AM-3-1.jpeg\" alt=\"\" data-id=\"3914\" data-full-url=\"https:\/\/lavereda.com.mx\/wp-content\/uploads\/2022\/07\/WhatsApp-Image-2022-07-19-at-11.12.11-AM-3-1.jpeg\" data-link=\"https:\/\/lavereda.com.mx\/?attachment_id=3914\" class=\"wp-image-3914\" srcset=\"https:\/\/lavereda.com.mx\/wp-content\/uploads\/2022\/07\/WhatsApp-Image-2022-07-19-at-11.12.11-AM-3-1.jpeg 1000w, https:\/\/lavereda.com.mx\/wp-content\/uploads\/2022\/07\/WhatsApp-Image-2022-07-19-at-11.12.11-AM-3-1-300x200.jpeg 300w, https:\/\/lavereda.com.mx\/wp-content\/uploads\/2022\/07\/WhatsApp-Image-2022-07-19-at-11.12.11-AM-3-1-768x511.jpeg 768w\" sizes=\"(max-width: 1000px) 100vw, 1000px\" \/><\/figure><\/li><li class=\"blocks-gallery-item\"><figure><img decoding=\"async\" width=\"1000\" height=\"666\" src=\"https:\/\/lavereda.com.mx\/wp-content\/uploads\/2022\/07\/WhatsApp-Image-2022-07-19-at-11.12.11-AM.jpeg\" alt=\"\" data-id=\"3915\" data-full-url=\"https:\/\/lavereda.com.mx\/wp-content\/uploads\/2022\/07\/WhatsApp-Image-2022-07-19-at-11.12.11-AM.jpeg\" data-link=\"https:\/\/lavereda.com.mx\/?attachment_id=3915\" class=\"wp-image-3915\" srcset=\"https:\/\/lavereda.com.mx\/wp-content\/uploads\/2022\/07\/WhatsApp-Image-2022-07-19-at-11.12.11-AM.jpeg 1000w, https:\/\/lavereda.com.mx\/wp-content\/uploads\/2022\/07\/WhatsApp-Image-2022-07-19-at-11.12.11-AM-300x200.jpeg 300w, https:\/\/lavereda.com.mx\/wp-content\/uploads\/2022\/07\/WhatsApp-Image-2022-07-19-at-11.12.11-AM-768x511.jpeg 768w\" sizes=\"(max-width: 1000px) 100vw, 1000px\" \/><\/figure><\/li><\/ul><\/figure>\n\n\n\n<p>Con este montaje, la compa\u00f1\u00eda celebra un a\u00f1o de su primer estreno que se realiz\u00f3 en agosto de 2021 en el foro central del Centro Cultural Casa Mud\u00e9jar. Adem\u00e1s el adoratorio considera que al rescatar lugares en la memoria de los laguneros como el puente de Ojuela, la avenida Morelos y la plaza de Armas, esta historia se convierte en una carta de amor a Torre\u00f3n.<\/p>\n\n\n\n<p><em>Fotograf\u00edas: Alfredo Becerra.<\/em><\/p>\n","protected":false},"excerpt":{"rendered":"<p>Las funciones en el mes de julio ser\u00e1n los d\u00edas&nbsp; 21, 22, 23, 29 y 30 al interior de Caf\u00e9 continental de Hotel R\u00edo Nazas. \u00abUna noche en el continental\u00bb &hellip; <a href=\"https:\/\/lavereda.com.mx\/index.php\/2022\/07\/20\/lola-mar-diaz-insulation-presentan-una-noche-en-el-continental\/\" class=\"more-link\">Leer m\u00e1s<\/a><\/p>\n","protected":false},"author":1,"featured_media":3915,"comment_status":"open","ping_status":"open","sticky":false,"template":"","format":"standard","meta":{"footnotes":""},"categories":[2,18],"tags":[],"class_list":["post-3911","post","type-post","status-publish","format-standard","has-post-thumbnail","hentry","category-artes-escenicas","category-lomasrelevante","entry"],"_links":{"self":[{"href":"https:\/\/lavereda.com.mx\/index.php\/wp-json\/wp\/v2\/posts\/3911","targetHints":{"allow":["GET"]}}],"collection":[{"href":"https:\/\/lavereda.com.mx\/index.php\/wp-json\/wp\/v2\/posts"}],"about":[{"href":"https:\/\/lavereda.com.mx\/index.php\/wp-json\/wp\/v2\/types\/post"}],"author":[{"embeddable":true,"href":"https:\/\/lavereda.com.mx\/index.php\/wp-json\/wp\/v2\/users\/1"}],"replies":[{"embeddable":true,"href":"https:\/\/lavereda.com.mx\/index.php\/wp-json\/wp\/v2\/comments?post=3911"}],"version-history":[{"count":9,"href":"https:\/\/lavereda.com.mx\/index.php\/wp-json\/wp\/v2\/posts\/3911\/revisions"}],"predecessor-version":[{"id":3927,"href":"https:\/\/lavereda.com.mx\/index.php\/wp-json\/wp\/v2\/posts\/3911\/revisions\/3927"}],"wp:featuredmedia":[{"embeddable":true,"href":"https:\/\/lavereda.com.mx\/index.php\/wp-json\/wp\/v2\/media\/3915"}],"wp:attachment":[{"href":"https:\/\/lavereda.com.mx\/index.php\/wp-json\/wp\/v2\/media?parent=3911"}],"wp:term":[{"taxonomy":"category","embeddable":true,"href":"https:\/\/lavereda.com.mx\/index.php\/wp-json\/wp\/v2\/categories?post=3911"},{"taxonomy":"post_tag","embeddable":true,"href":"https:\/\/lavereda.com.mx\/index.php\/wp-json\/wp\/v2\/tags?post=3911"}],"curies":[{"name":"wp","href":"https:\/\/api.w.org\/{rel}","templated":true}]}}