{"id":3908,"date":"2022-07-19T23:26:27","date_gmt":"2022-07-19T23:26:27","guid":{"rendered":"http:\/\/lavereda.com.mx\/?p=3908"},"modified":"2022-07-19T23:26:28","modified_gmt":"2022-07-19T23:26:28","slug":"a-la-hora-del-cafe-6","status":"publish","type":"post","link":"https:\/\/lavereda.com.mx\/index.php\/2022\/07\/19\/a-la-hora-del-cafe-6\/","title":{"rendered":"A la hora del caf\u00e9"},"content":{"rendered":"\n<h2 class=\"wp-block-heading\"><strong>La extra\u00f1a sensaci\u00f3n de que podr\u00eda llover<\/strong><\/h2>\n\n\n\n<p>Ten\u00eda d\u00edas revisando y deslizando con el dedo la p\u00e1gina del clima en mi celular. Mayo fue atroz, inaguantable, con temperaturas de 38 a 40 grados durante varios d\u00edas seguidos. Parte del mes de junio as\u00ed fue. Pero en julio la noticia en un diario local ha sido apabullante: nuestra ciudad ya lleva 33 d\u00edas con temperaturas m\u00e1ximas de 40 grados, algo que no se hab\u00eda vivido desde el 2011.<\/p>\n\n\n\n<p>Hace algunas semanas, la sensaci\u00f3n de que podr\u00eda comenzar a llover, nos ten\u00eda con la cabeza vuelta loca a los habitantes del desierto.<\/p>\n\n\n\n<p>\u00bfEn qu\u00e9 parte del mundo llov\u00eda? En esos infernales d\u00edas, busqu\u00e9 los estados del clima en varias ciudades. Lleg\u00f3 a llover hasta en Monterrey, solo un poco. Llovi\u00f3 en Durango y tambi\u00e9n en la Ciudad de M\u00e9xico. Me record\u00e9 embarazada en un cuarto sin aire acondicionado, ese d\u00eda en que le ped\u00ed a mi padre las llaves de su casa cuando estaba de viaje, para irme a refrescar frente a su mini split.<\/p>\n\n\n\n<p>Record\u00e9 cuando, en un d\u00eda de verano tomamos el auto y nos fuimos a donde estuviera nublado. A donde pudiera llevar un chal un saquito en la mano. Llegamos a Le\u00f3n Guanajuato. Otro verano, tomamos carretera a Zacatecas. Era agosto, esa noche baj\u00f3 la temperatura a 16 grados. Mi hijo y yo est\u00e1bamos en short, nos re\u00edmos de nosotros mismos por sentir fr\u00edo en las piernas.<\/p>\n\n\n\n<p>Si algo he disfrutado en estos d\u00edas de calor, es esa sensaci\u00f3n de salir del ba\u00f1o despu\u00e9s de una ducha con agua fr\u00eda y sentir, por escasos minutos, un poco de fr\u00edo en el cuerpo. A las 6:45 am me echaba en la cama con otra toalla encima, para perpetrar la sensaci\u00f3n de tener fr\u00edo.<\/p>\n\n\n\n<p>As\u00ed transcurrieron los d\u00edas, subi\u00e9ndome al autom\u00f3vil con climas de 42 grados, para llegar a casa aventando la ropa mojada, hasta que el d\u00eda despu\u00e9s del solsticio de verano, cay\u00f3 por mi rumbo una lluvia de diez minutos que nos regal\u00f3 una tarde nublada. Sal\u00ed a tomar fotograf\u00edas de los charcos en el pavimento y del paisaje nublado cuyo horizonte traspasaba el asfalto. En mis historias de Instagram, recib\u00ed corazones y caras felices. \u00bfNos pone muy feliz que llueva? \u00bfPor qu\u00e9?<\/p>\n\n\n\n<p>Porque no es una sensaci\u00f3n que podamos vivir a menudo en Torre\u00f3n, en La Laguna y en el desierto. En algunos d\u00edas de junio hubo lluvias puntuales, pero que no llegaron a provocar ni siquiera peque\u00f1os encharcamientos. Se pronosticaron tormentas el\u00e9ctricas, aire, polvo. Pero ya es julio y recuerdo en que en otros a\u00f1os hubo d\u00edas enteros nublados con algunos chubascos, lo suficiente para hacer el verano un poco m\u00e1s soportable.<\/p>\n\n\n\n<p>Y \u00bfen d\u00f3nde llov\u00eda aquellos d\u00edas nublados? En muchos estados de pa\u00eds, seg\u00fan la Conagua. Incluso en Coahuila, tambi\u00e9n en Sonora, Jalisco, Guerrero, Campeche, Durango, Chihuahua, Zacatecas, Ciudad de M\u00e9xico, Aguascalientes, Guanajuato y Estado de M\u00e9xico.<\/p>\n\n\n\n<p>\u00bfPor qu\u00e9 es tan dif\u00edcil que llueva en La Laguna? Dicen que a\u00f1oramos lo que no somos, mi postal favorita es tomar caf\u00e9 y ver llover por una ventana, s\u00e9 que es rom\u00e1ntico y quiz\u00e1s un clich\u00e9. La lluvia tranquiliza, no en todas partes y no a todas las personas. Tambi\u00e9n ha sido la causante de un caos, hundimientos, accidentes y en una ocasi\u00f3n la lluvia de Torre\u00f3n inund\u00f3 mi coche en el centro de la ciudad.&nbsp;<\/p>\n\n\n\n<p>Pero si llueve, siento, sentimos que algo se renueva en nosotros. Que algo puede ser distinto, una promesa, un aliento. Esperemos pues aqu\u00ed, a que llegue otra vez ese nost\u00e1lgico d\u00eda de lluvia.<\/p>\n\n\n\n<p><em>Twitter @Lavargasadri<\/em><\/p>\n","protected":false},"excerpt":{"rendered":"<p>La extra\u00f1a sensaci\u00f3n de que podr\u00eda llover Ten\u00eda d\u00edas revisando y deslizando con el dedo la p\u00e1gina del clima en mi celular. Mayo fue atroz, inaguantable, con temperaturas de 38 &hellip; <a href=\"https:\/\/lavereda.com.mx\/index.php\/2022\/07\/19\/a-la-hora-del-cafe-6\/\" class=\"more-link\">Leer m\u00e1s<\/a><\/p>\n","protected":false},"author":9,"featured_media":3909,"comment_status":"open","ping_status":"open","sticky":false,"template":"","format":"standard","meta":{"footnotes":""},"categories":[18,9],"tags":[],"class_list":["post-3908","post","type-post","status-publish","format-standard","has-post-thumbnail","hentry","category-lomasrelevante","category-opinion","entry"],"_links":{"self":[{"href":"https:\/\/lavereda.com.mx\/index.php\/wp-json\/wp\/v2\/posts\/3908","targetHints":{"allow":["GET"]}}],"collection":[{"href":"https:\/\/lavereda.com.mx\/index.php\/wp-json\/wp\/v2\/posts"}],"about":[{"href":"https:\/\/lavereda.com.mx\/index.php\/wp-json\/wp\/v2\/types\/post"}],"author":[{"embeddable":true,"href":"https:\/\/lavereda.com.mx\/index.php\/wp-json\/wp\/v2\/users\/9"}],"replies":[{"embeddable":true,"href":"https:\/\/lavereda.com.mx\/index.php\/wp-json\/wp\/v2\/comments?post=3908"}],"version-history":[{"count":1,"href":"https:\/\/lavereda.com.mx\/index.php\/wp-json\/wp\/v2\/posts\/3908\/revisions"}],"predecessor-version":[{"id":3910,"href":"https:\/\/lavereda.com.mx\/index.php\/wp-json\/wp\/v2\/posts\/3908\/revisions\/3910"}],"wp:featuredmedia":[{"embeddable":true,"href":"https:\/\/lavereda.com.mx\/index.php\/wp-json\/wp\/v2\/media\/3909"}],"wp:attachment":[{"href":"https:\/\/lavereda.com.mx\/index.php\/wp-json\/wp\/v2\/media?parent=3908"}],"wp:term":[{"taxonomy":"category","embeddable":true,"href":"https:\/\/lavereda.com.mx\/index.php\/wp-json\/wp\/v2\/categories?post=3908"},{"taxonomy":"post_tag","embeddable":true,"href":"https:\/\/lavereda.com.mx\/index.php\/wp-json\/wp\/v2\/tags?post=3908"}],"curies":[{"name":"wp","href":"https:\/\/api.w.org\/{rel}","templated":true}]}}