{"id":3874,"date":"2022-07-14T02:30:31","date_gmt":"2022-07-14T02:30:31","guid":{"rendered":"http:\/\/lavereda.com.mx\/?p=3874"},"modified":"2022-07-16T22:02:06","modified_gmt":"2022-07-16T22:02:06","slug":"los-riesgos-del-ocio-42","status":"publish","type":"post","link":"https:\/\/lavereda.com.mx\/index.php\/2022\/07\/14\/los-riesgos-del-ocio-42\/","title":{"rendered":"Los riesgos del ocio"},"content":{"rendered":"\n<p>Son muchos los autores que han creado textos sobre la imposibilidad de escribir, entre otros, Josefina Vicens, cuya obra breve tiene una intensidad que deja huella profunda en la literatura mexicana, as\u00ed, sin ponerle el adjetivo \u201cfemenina\u201d.<\/p>\n\n\n\n<p>Pero sin \u00e1nimos de emular a la Vicens (qui\u00e9n soy yo para pretender eso) solo quiero hacer un&nbsp;&nbsp;texto&nbsp;&nbsp;acerca de ese momento en que te acomodas con tu pluma, l\u00e1piz, hojas, cuaderno, laptop, o cualquiera que sea tu instrumento de trabajo, y nada m\u00e1s no puedes concretar las ideas que s\u00ed tienes, pero que como enloquecidas van de un lado a otro sin definir; mucho de ese torbellino viene del exceso de informaci\u00f3n, de haber observado tantas cosas en tan poco tiempo o de que la vida de pronto se complic\u00f3 y resulta que las necesidades primarias que se ten\u00edan cubiertas, ya no se encuentran a salvo.<\/p>\n\n\n\n<p>Y entonces me pregunto \u00bfsobre qu\u00e9 escribo? Podr\u00eda ser sobre c\u00f3mo uno no es indispensable en los trabajos y por m\u00e1s que te esfuerces, por m\u00e1s que hagas lo que debes y un poquito m\u00e1s all\u00e1, por m\u00e1s que tengas nuevas ideas, por m\u00e1s que (aqu\u00ed se puede agregar cualquier cosa) de todas formas, con la mano en la cintura, sin medir consecuencias (porque al fin y al cabo los que lo hacen tienen asegurado su sustento) te eliminan.&nbsp;<\/p>\n\n\n\n<p>O podr\u00eda escribir sobre las nuevas feministas y sus grupos que son chiquitos y de solo amigas, y c\u00f3mo han sabido eliminar a las que no piensan exacta y totalmente como ellas. Y no hablo solo en t\u00e9rminos de escritoras feministas, sino en general de esta nueva mujer consciente de las violencias sufridas y de los espacios negados, pero que, nuevamente, con gran facilidad y dejando la famosa \u201csororidad!\u201d de lado, le niegan espacios a otras mujeres, ya sea porque no tienen pensamientos semejantes, por haber sobrepasado&nbsp;&nbsp;la edad correcta (entre veinte y treinta y tantos a\u00f1os) o por preferir espacios de igual a igual con los hombres.<\/p>\n\n\n\n<p>O podr\u00eda hablar de esa necesidad que tienen las mujeres mayores de cuarenta y tantos de expresar todas esas ideas que se les han obligado a callar y lo mucho que me sorprendi\u00f3 que pese a sus a\u00f1os de silencio, muchas de estas mujeres a quienes volv\u00ed a ver en un Caf\u00e9 Literario, tengan ideas claras sobre lo que debe ser la vida y los esfuerzos que hacen para retomar sus libertades, justo donde las dejaron.<\/p>\n\n\n\n<p>O escribir sobre el problema del agua, que cada vez nos lleva m\u00e1s cerca de la pel\u00edcula de terror setentera; o los feminicidios, que no cesan y las autoridades indiferentes al grado de negarlos; o la falta de un plan cultural en el pueblo donde vivo, y cuya oferta se limita a permitir un tianguis los domingos y \u00a1ah, s\u00ed!, un curso de verano; o la sorpresa que me provocan algunas personas queriendo, todav\u00eda, convertir a este mismo pueblo en una \u201cCoyoac\u00e1n lagunera\u201d; o sobre los sueldos cada vez m\u00e1s m\u00edseros que ofrecen las universidades privadas de la regi\u00f3n, con horarios de esclavo que trabaja de lunes a domingo y si bien te va es posible que descanses un s\u00e1bado del mes;&nbsp;&nbsp;o en fin, tantos otros temas que se me han juntado en estos d\u00edas de asueto, pero que, a la manera de Jos\u00e9 Garc\u00eda, tengo la esperanza de \u201cpasar en limpio\u201d una vez que mi complicada mente encuentre el descanso adecuado.<\/p>\n","protected":false},"excerpt":{"rendered":"<p>Son muchos los autores que han creado textos sobre la imposibilidad de escribir, entre otros, Josefina Vicens, cuya obra breve tiene una intensidad que deja huella profunda en la literatura &hellip; <a href=\"https:\/\/lavereda.com.mx\/index.php\/2022\/07\/14\/los-riesgos-del-ocio-42\/\" class=\"more-link\">Leer m\u00e1s<\/a><\/p>\n","protected":false},"author":11,"featured_media":662,"comment_status":"open","ping_status":"open","sticky":false,"template":"","format":"standard","meta":{"footnotes":""},"categories":[18,9],"tags":[],"class_list":["post-3874","post","type-post","status-publish","format-standard","has-post-thumbnail","hentry","category-lomasrelevante","category-opinion","entry"],"_links":{"self":[{"href":"https:\/\/lavereda.com.mx\/index.php\/wp-json\/wp\/v2\/posts\/3874","targetHints":{"allow":["GET"]}}],"collection":[{"href":"https:\/\/lavereda.com.mx\/index.php\/wp-json\/wp\/v2\/posts"}],"about":[{"href":"https:\/\/lavereda.com.mx\/index.php\/wp-json\/wp\/v2\/types\/post"}],"author":[{"embeddable":true,"href":"https:\/\/lavereda.com.mx\/index.php\/wp-json\/wp\/v2\/users\/11"}],"replies":[{"embeddable":true,"href":"https:\/\/lavereda.com.mx\/index.php\/wp-json\/wp\/v2\/comments?post=3874"}],"version-history":[{"count":3,"href":"https:\/\/lavereda.com.mx\/index.php\/wp-json\/wp\/v2\/posts\/3874\/revisions"}],"predecessor-version":[{"id":3888,"href":"https:\/\/lavereda.com.mx\/index.php\/wp-json\/wp\/v2\/posts\/3874\/revisions\/3888"}],"wp:featuredmedia":[{"embeddable":true,"href":"https:\/\/lavereda.com.mx\/index.php\/wp-json\/wp\/v2\/media\/662"}],"wp:attachment":[{"href":"https:\/\/lavereda.com.mx\/index.php\/wp-json\/wp\/v2\/media?parent=3874"}],"wp:term":[{"taxonomy":"category","embeddable":true,"href":"https:\/\/lavereda.com.mx\/index.php\/wp-json\/wp\/v2\/categories?post=3874"},{"taxonomy":"post_tag","embeddable":true,"href":"https:\/\/lavereda.com.mx\/index.php\/wp-json\/wp\/v2\/tags?post=3874"}],"curies":[{"name":"wp","href":"https:\/\/api.w.org\/{rel}","templated":true}]}}