{"id":3868,"date":"2022-07-13T20:09:18","date_gmt":"2022-07-13T20:09:18","guid":{"rendered":"http:\/\/lavereda.com.mx\/?p=3868"},"modified":"2022-07-13T20:09:18","modified_gmt":"2022-07-13T20:09:18","slug":"con-el-teatro-clown-y-la-comedia-reflexionan-sobre-el-bullying-escolar","status":"publish","type":"post","link":"https:\/\/lavereda.com.mx\/index.php\/2022\/07\/13\/con-el-teatro-clown-y-la-comedia-reflexionan-sobre-el-bullying-escolar\/","title":{"rendered":"Con el teatro clown y la comedia, reflexionan sobre el bullying escolar"},"content":{"rendered":"\n<p>La puesta en escena \u201cFanny garbanzo contra la humanidad\u201d, de la Compa\u00f1\u00eda Esc\u00e9nica Fantoche lleva dos fines de semana de julio present\u00e1ndose con muy buena respuesta, en el Foro ubicado en Privada Ponciano Arriaga 166.\u00a0La siguiente funci\u00f3n es este s\u00e1bado 16 de julio a las 20:00 horas.<\/p>\n\n\n\n<p>El\u00edas Garc\u00eda, actor de teatro clown, director y parte del elenco de este montaje, comparti\u00f3 que Fanny garbanzo\u00a0 es una ni\u00f1a en edad escolar ignorada por sus padres, v\u00edctima de bullying por parte de sus compa\u00f1eros que se ve orillada al abismo. Desesperada decidi\u00f3 declararle la guerra a la humanidad empezando por su escuela.<\/p>\n\n\n\n<p>\u00abEn fanny garbanzo contra la humanidad a trav\u00e9s del humor la comedia, el clown el teatro de objetos y la m\u00fasica creamos un viaje parad\u00f3jico de risas y disfrute por la desolaci\u00f3n del personaje y la situaci\u00f3n que comparte con cientos de j\u00f3venes en el mundo\u00bb.<\/p>\n\n\n\n<p>En cuanto al elenco inform\u00f3 que est\u00e1 debutando en teatro Daniela Gabar, estudiante de artes esc\u00e9nicas en la Universidad Aut\u00f3noma de Coahuila y cuenta con la actuaci\u00f3n del propio El\u00edas.<\/p>\n\n\n\n<p>Acerca de la respuesta del p\u00fablico a este montaje, coment\u00f3 \u00ablo hemos visto interesado por la tem\u00e1tica. El estreno fue un deleite para la audiencia, con reacciones de asombro y disfrute con la aparici\u00f3n de algunos de los personajes\u00bb.\u00a0 \u00a0<\/p>\n\n\n\n<p>\u00abEl d\u00eda del estreno tuvimos lleno total, el p\u00fablico estuvo a carcajadas de principio a fin, se fue muy contento y con la reflexi\u00f3n importante de la violencia que viven los chavitos en las escuelas\u00bb, puntualiz\u00f3.<\/p>\n","protected":false},"excerpt":{"rendered":"<p>La puesta en escena \u201cFanny garbanzo contra la humanidad\u201d, de la Compa\u00f1\u00eda Esc\u00e9nica Fantoche lleva dos fines de semana de julio present\u00e1ndose con muy buena respuesta, en el Foro ubicado &hellip; <a href=\"https:\/\/lavereda.com.mx\/index.php\/2022\/07\/13\/con-el-teatro-clown-y-la-comedia-reflexionan-sobre-el-bullying-escolar\/\" class=\"more-link\">Leer m\u00e1s<\/a><\/p>\n","protected":false},"author":9,"featured_media":3869,"comment_status":"open","ping_status":"open","sticky":false,"template":"","format":"standard","meta":{"footnotes":""},"categories":[2,18],"tags":[],"class_list":["post-3868","post","type-post","status-publish","format-standard","has-post-thumbnail","hentry","category-artes-escenicas","category-lomasrelevante","entry"],"_links":{"self":[{"href":"https:\/\/lavereda.com.mx\/index.php\/wp-json\/wp\/v2\/posts\/3868","targetHints":{"allow":["GET"]}}],"collection":[{"href":"https:\/\/lavereda.com.mx\/index.php\/wp-json\/wp\/v2\/posts"}],"about":[{"href":"https:\/\/lavereda.com.mx\/index.php\/wp-json\/wp\/v2\/types\/post"}],"author":[{"embeddable":true,"href":"https:\/\/lavereda.com.mx\/index.php\/wp-json\/wp\/v2\/users\/9"}],"replies":[{"embeddable":true,"href":"https:\/\/lavereda.com.mx\/index.php\/wp-json\/wp\/v2\/comments?post=3868"}],"version-history":[{"count":1,"href":"https:\/\/lavereda.com.mx\/index.php\/wp-json\/wp\/v2\/posts\/3868\/revisions"}],"predecessor-version":[{"id":3870,"href":"https:\/\/lavereda.com.mx\/index.php\/wp-json\/wp\/v2\/posts\/3868\/revisions\/3870"}],"wp:featuredmedia":[{"embeddable":true,"href":"https:\/\/lavereda.com.mx\/index.php\/wp-json\/wp\/v2\/media\/3869"}],"wp:attachment":[{"href":"https:\/\/lavereda.com.mx\/index.php\/wp-json\/wp\/v2\/media?parent=3868"}],"wp:term":[{"taxonomy":"category","embeddable":true,"href":"https:\/\/lavereda.com.mx\/index.php\/wp-json\/wp\/v2\/categories?post=3868"},{"taxonomy":"post_tag","embeddable":true,"href":"https:\/\/lavereda.com.mx\/index.php\/wp-json\/wp\/v2\/tags?post=3868"}],"curies":[{"name":"wp","href":"https:\/\/api.w.org\/{rel}","templated":true}]}}