{"id":3865,"date":"2022-07-13T13:14:07","date_gmt":"2022-07-13T13:14:07","guid":{"rendered":"http:\/\/lavereda.com.mx\/?p=3865"},"modified":"2022-07-14T13:56:58","modified_gmt":"2022-07-14T13:56:58","slug":"sin-cantar-ni-afinar-latam-tour","status":"publish","type":"post","link":"https:\/\/lavereda.com.mx\/index.php\/2022\/07\/13\/sin-cantar-ni-afinar-latam-tour\/","title":{"rendered":"Sin Cantar Ni Afinar LATAM Tour: el nuevo show de C. Tangana"},"content":{"rendered":"\n<p>El Madrile\u00f1o, Pucho, Ant\u00f3n Alvarez, el hombre del momento: C. Tangana se prepara para ofrecer uno de los shows m\u00e1s espectaculares de este 2022, y obviamente M\u00e9xico ser\u00e1 una de sus paradas. Sin Cantar Ni Afinar LATAM Tour desplegar\u00e1 toda una experiencia en directo llena de sus \u00e9xitos en nuestro pa\u00eds.<\/p>\n\n\n\n<p>Te compartimos algunas de las fechas de presentaci\u00f3n: 10 de noviembre \u2013 Auditorio Citibanamex \u2013 Monterrey, 12 de noviembre \u2013 Arena VFG \u2013 Guadalajara, 15 de noviembre \u2013 Palacio de los Deportes \u2013 CDMX.<\/p>\n\n\n\n<p>Sin duda alguna, C. Tangana ha venido a cambiar todo el panorama que hemos escuchado dentro del g\u00e9nero de la m\u00fasica pop\/urbano\/hispano. Y no nos atrevemos a etiquetar o catalogar su m\u00fasica, pues su disco m\u00e1s reciente, \u201cEl Madrile\u00f1o\u201d, es una expresi\u00f3n totalmente distinta y vanguardista, donde se exaltan ritmos y sonidos end\u00e9micos de Espa\u00f1a, combinando el estilo \u00fanico que ha caracterizado al cantante hasta el momento.<\/p>\n\n\n\n<p>Sin Cantar Ni Afinar LATAM Tour traer\u00e1 una de las producciones m\u00e1s espectaculares del cantante; acompa\u00f1ado de un largo repertorio. Pucho nos promete una celebraci\u00f3n a la m\u00fasica rayando en lo teatral. M\u00e1s que un concierto, pinta a ser una puesta en escena.<\/p>\n\n\n\n<p>Ant\u00f3n \u00c1lvarez Alfaro, conocido como C. Tangana, ha sido acreedor a 3 premios GRAMMY y actualmente su disco El Madrile\u00f1o ha ido ganando terreno dentro de la industria como un \u00e1lbum de culto y fue uno de los mejores de 2021, siendo aclamado por la cr\u00edtica. \u201cDemasiadas Mujeres\u201d acumula m\u00e1s de 200 millones de reproducciones en Spotify, coloc\u00e1ndose en la posici\u00f3n n\u00famero uno como la preferida de los fans.<\/p>\n\n\n\n<p>OCESAfact: NPR ubic\u00f3 a \u201cEl Madrile\u00f1o\u201d dentro de los mejores \u00e1lbumes de 2021 (hasta la fecha) y confirma que: \u201cno existe nada igual\u201d.<\/p>\n\n\n\n<p>Los boletos para todas las ciudades estar\u00e1n en preventa Citibanamex el 13 y 14 de julio, un d\u00eda despu\u00e9s los podr\u00e1s adquirir en las taquillas de los inmuebles y a trav\u00e9s de www.ticketmaster.com.mx.<\/p>\n","protected":false},"excerpt":{"rendered":"<p>El Madrile\u00f1o, Pucho, Ant\u00f3n Alvarez, el hombre del momento: C. Tangana se prepara para ofrecer uno de los shows m\u00e1s espectaculares de este 2022, y obviamente M\u00e9xico ser\u00e1 una de &hellip; <a href=\"https:\/\/lavereda.com.mx\/index.php\/2022\/07\/13\/sin-cantar-ni-afinar-latam-tour\/\" class=\"more-link\">Leer m\u00e1s<\/a><\/p>\n","protected":false},"author":1,"featured_media":3866,"comment_status":"open","ping_status":"open","sticky":false,"template":"","format":"standard","meta":{"footnotes":""},"categories":[18,4],"tags":[],"class_list":["post-3865","post","type-post","status-publish","format-standard","has-post-thumbnail","hentry","category-lomasrelevante","category-musica","entry"],"_links":{"self":[{"href":"https:\/\/lavereda.com.mx\/index.php\/wp-json\/wp\/v2\/posts\/3865","targetHints":{"allow":["GET"]}}],"collection":[{"href":"https:\/\/lavereda.com.mx\/index.php\/wp-json\/wp\/v2\/posts"}],"about":[{"href":"https:\/\/lavereda.com.mx\/index.php\/wp-json\/wp\/v2\/types\/post"}],"author":[{"embeddable":true,"href":"https:\/\/lavereda.com.mx\/index.php\/wp-json\/wp\/v2\/users\/1"}],"replies":[{"embeddable":true,"href":"https:\/\/lavereda.com.mx\/index.php\/wp-json\/wp\/v2\/comments?post=3865"}],"version-history":[{"count":3,"href":"https:\/\/lavereda.com.mx\/index.php\/wp-json\/wp\/v2\/posts\/3865\/revisions"}],"predecessor-version":[{"id":3878,"href":"https:\/\/lavereda.com.mx\/index.php\/wp-json\/wp\/v2\/posts\/3865\/revisions\/3878"}],"wp:featuredmedia":[{"embeddable":true,"href":"https:\/\/lavereda.com.mx\/index.php\/wp-json\/wp\/v2\/media\/3866"}],"wp:attachment":[{"href":"https:\/\/lavereda.com.mx\/index.php\/wp-json\/wp\/v2\/media?parent=3865"}],"wp:term":[{"taxonomy":"category","embeddable":true,"href":"https:\/\/lavereda.com.mx\/index.php\/wp-json\/wp\/v2\/categories?post=3865"},{"taxonomy":"post_tag","embeddable":true,"href":"https:\/\/lavereda.com.mx\/index.php\/wp-json\/wp\/v2\/tags?post=3865"}],"curies":[{"name":"wp","href":"https:\/\/api.w.org\/{rel}","templated":true}]}}