{"id":3861,"date":"2022-07-11T19:44:13","date_gmt":"2022-07-11T19:44:13","guid":{"rendered":"http:\/\/lavereda.com.mx\/?p=3861"},"modified":"2022-07-11T19:44:14","modified_gmt":"2022-07-11T19:44:14","slug":"el-coreografo-ruby-gamez-presenta-el-programa-los-suenos","status":"publish","type":"post","link":"https:\/\/lavereda.com.mx\/index.php\/2022\/07\/11\/el-coreografo-ruby-gamez-presenta-el-programa-los-suenos\/","title":{"rendered":"El core\u00f3grafo Ruby G\u00e1mez presenta el programa \u00abLos sue\u00f1os\u00bb"},"content":{"rendered":"\n<ul class=\"wp-block-list\"><li><em><strong>Con esta presentaci\u00f3n da nicio a sus 40 a\u00f1os como artista de la danza contempor\u00e1nea<\/strong><\/em>.<\/li><\/ul>\n\n\n\n<p>El pr\u00f3ximo 14 de julio llega al escenario del Teatro Nazas el programa titulado \u201cLos sue\u00f1os\u201d, presentado por el bailar\u00edn y core\u00f3grafo Ruby G\u00e1mez. Es una obra dirigida por el reconocido int\u00e9rprete y maestro, quien compartir\u00e1 con el p\u00fablico un programa conformado por 5 piezas coreogr\u00e1ficas de estreno y repertorio. <\/p>\n\n\n\n<p>\u201cLos sue\u00f1os&#8230;\u201d con los que el ganador del Premio Nacional de Danza Jos\u00e9 Lim\u00f3n (2020), Sistema Nacional de Creadores de Arte del Sistema de Apoyos a la Creaci\u00f3n y Proyectos Culturales y Sistema Nuevo Le\u00f3n para el impulso art\u00edstico y la creaci\u00f3n 2022 CONARTE, ha llegado para dar inicio a sus 40 a\u00f1os como artista de la danza contempor\u00e1nea, comparti\u00f3 el propio Ruby G\u00e1mez.<\/p>\n\n\n\n<p>Este programa es una breve retrospectiva del trabajo del maestro G\u00e1mez, quien con su estilo particular de movimiento, su evoluci\u00f3n, el uso del color, el crear atm\u00f3sferas, la manera de abordar la danza hace gala al hacer realidad esos sue\u00f1os que iniciaron hace 4 d\u00e9cadas y que hoy buscan conmover, sorprender, reflexionar y tocar el coraz\u00f3n del espectador con historias que se tejen entre poes\u00eda y hechos reales plasmados en movimiento.&nbsp;<\/p>\n\n\n\n<p>La funci\u00f3n de estreno es el pr\u00f3ximo 14 de Julio en el Teatro Nazas ubicado en Calle Cepeda 155, Centro, Torre\u00f3n, Coahuila. a las 20:00 horas, entrada general $100.00, boletos en taquillas del teatro.&nbsp;<\/p>\n\n\n\n<p>Ruby G\u00e1mez artista mexicano con cuarenta a\u00f1os de experiencia, Sistema Nacional de Creadores de Arte y Sistema de Creadores Nuevo Le\u00f3n. en 2020 recibi\u00f3 el Premio Nacional de Danza \u201cJos\u00e9 Lim\u00f3n\u201d. Su trabajo como maestro, core\u00f3grafo y bailar\u00edn se ha mostrado en gran parte del pa\u00eds, adem\u00e1s en Francia, Italia, Estados Unidos, Canad\u00e1, Espa\u00f1a y Cuba; a la par de dirigir \u201cRuby G\u00e1mez presenta\u201d tambi\u00e9n es maestro de la Escuela Municipal de Danza de Coahuila y core\u00f3grafo y bailar\u00edn de Teor\u00eda de Gravedad.\u00a0<\/p>\n","protected":false},"excerpt":{"rendered":"<p>Con esta presentaci\u00f3n da nicio a sus 40 a\u00f1os como artista de la danza contempor\u00e1nea. El pr\u00f3ximo 14 de julio llega al escenario del Teatro Nazas el programa titulado \u201cLos &hellip; <a href=\"https:\/\/lavereda.com.mx\/index.php\/2022\/07\/11\/el-coreografo-ruby-gamez-presenta-el-programa-los-suenos\/\" class=\"more-link\">Leer m\u00e1s<\/a><\/p>\n","protected":false},"author":1,"featured_media":3862,"comment_status":"open","ping_status":"open","sticky":false,"template":"","format":"standard","meta":{"footnotes":""},"categories":[2,18],"tags":[],"class_list":["post-3861","post","type-post","status-publish","format-standard","has-post-thumbnail","hentry","category-artes-escenicas","category-lomasrelevante","entry"],"_links":{"self":[{"href":"https:\/\/lavereda.com.mx\/index.php\/wp-json\/wp\/v2\/posts\/3861","targetHints":{"allow":["GET"]}}],"collection":[{"href":"https:\/\/lavereda.com.mx\/index.php\/wp-json\/wp\/v2\/posts"}],"about":[{"href":"https:\/\/lavereda.com.mx\/index.php\/wp-json\/wp\/v2\/types\/post"}],"author":[{"embeddable":true,"href":"https:\/\/lavereda.com.mx\/index.php\/wp-json\/wp\/v2\/users\/1"}],"replies":[{"embeddable":true,"href":"https:\/\/lavereda.com.mx\/index.php\/wp-json\/wp\/v2\/comments?post=3861"}],"version-history":[{"count":1,"href":"https:\/\/lavereda.com.mx\/index.php\/wp-json\/wp\/v2\/posts\/3861\/revisions"}],"predecessor-version":[{"id":3863,"href":"https:\/\/lavereda.com.mx\/index.php\/wp-json\/wp\/v2\/posts\/3861\/revisions\/3863"}],"wp:featuredmedia":[{"embeddable":true,"href":"https:\/\/lavereda.com.mx\/index.php\/wp-json\/wp\/v2\/media\/3862"}],"wp:attachment":[{"href":"https:\/\/lavereda.com.mx\/index.php\/wp-json\/wp\/v2\/media?parent=3861"}],"wp:term":[{"taxonomy":"category","embeddable":true,"href":"https:\/\/lavereda.com.mx\/index.php\/wp-json\/wp\/v2\/categories?post=3861"},{"taxonomy":"post_tag","embeddable":true,"href":"https:\/\/lavereda.com.mx\/index.php\/wp-json\/wp\/v2\/tags?post=3861"}],"curies":[{"name":"wp","href":"https:\/\/api.w.org\/{rel}","templated":true}]}}