{"id":386,"date":"2020-08-16T00:22:13","date_gmt":"2020-08-16T00:22:13","guid":{"rendered":"https:\/\/web.lavereda.com.mx\/?p=386"},"modified":"2020-08-16T00:22:13","modified_gmt":"2020-08-16T00:22:13","slug":"conoce-la-convocatoria-de-arte-resiliente","status":"publish","type":"post","link":"https:\/\/lavereda.com.mx\/index.php\/2020\/08\/16\/conoce-la-convocatoria-de-arte-resiliente\/","title":{"rendered":"Conoce la convocatoria de Arte Resiliente"},"content":{"rendered":"\n<p>La Secretar\u00eda de Cultura &nbsp;de Coahuila en coordinaci\u00f3n con la Secretar\u00eda de Cultura del Gobierno de M\u00e9xico, por medio del programa de Apoyo a Instituciones Estatales de Cultura (AIEC), invita a participar en la convocatoria \u201cArte Resiliente\u201d.<\/p>\n\n\n\n<p>&nbsp;La titular de la SC, Ana Sof\u00eda Garc\u00eda Camil, indic\u00f3 que esta convocatoria llega con el objetivo de apoyar, reconocer y difundir el trabajo de creadores, artistas, grupos art\u00edsticos, colectivos, gestores y promotores culturales en este tiempo de contingencia sanitaria.<\/p>\n\n\n\n<hr class=\"wp-block-separator\" id=\"system-readmore\"\/>\n\n\n\n<p>&nbsp;\u201cSe otorgar\u00e1n est\u00edmulos econ\u00f3micos para la realizaci\u00f3n de proyectos art\u00edsticos y culturales\u201d, dijo, \u201cesta convocatoria cuenta con tres categor\u00edas de participaci\u00f3n: Proyectos individuales o en d\u00fao; Grupos art\u00edsticos y colectivos (3 o m\u00e1s personas); y Proyectos de coinversi\u00f3n (que involucren otras fuentes de financiamiento)\u201d.<\/p>\n\n\n\n<p>&nbsp;Especific\u00f3 que las disciplinas de participaci\u00f3n son: Artes esc\u00e9nicas, Literatura, Multimedia, Medios audiovisuales, Artes visuales, Interdisciplina, Promoci\u00f3n y difusi\u00f3n cultural.<\/p>\n\n\n\n<p>&nbsp;En cuanto a los est\u00edmulos econ\u00f3micos, Garc\u00eda Camil se\u00f1al\u00f3 que para Proyectos individuales o en d\u00fao, habr\u00e1 27 mil pesos por proyecto, siendo 37 los beneficiados.<\/p>\n\n\n\n<p>&nbsp;Mientras que en la categor\u00eda de Grupos art\u00edsticos y colectivos, ser\u00e1n 25 los beneficiados, con 60 mil pesos por proyecto; y 65 mil pesos para cada uno de los 10 Proyectos de coinversi\u00f3n.<\/p>\n\n\n\n<p>&nbsp;Agreg\u00f3 que todos los documentos y materiales deber\u00e1n enviarse en forma digital al correo electr\u00f3nico&nbsp;<a href=\"mailto:proyectosarteresiliente2020@gmail.com\">proyectosarteresiliente2020@gmail.com<\/a>, enfatizando que el proyecto beneficiado deber\u00e1 intervenir en una comunidad, f\u00edsica o virtual.<\/p>\n\n\n\n<p>&nbsp;Por \u00faltimo, Garc\u00eda Camil explic\u00f3 que esta convocatoria queda abierta a partir de su publicaci\u00f3n y la fecha l\u00edmite para la recepci\u00f3n de proyectos ser\u00e1 el 26 de agosto de 2020 a las 14:00 horas.<\/p>\n\n\n\n<p>Ser\u00e1 m\u00e1s tardar el 5 de septiembre del presente a\u00f1o que los resultados se dar\u00e1n a conocer en las p\u00e1ginas oficiales de la Secretar\u00eda de Cultura de Coahuila.<\/p>\n\n\n\n<p>&nbsp;Para consultar la convocatoria completa pueden visitar la p\u00e1gina&nbsp;<a href=\"https:\/\/coahuilacultura.gob.mx\/convocatorias\/arte_resiliente\/\">https:\/\/coahuilacultura.gob.mx\/convocatorias\/arte_resiliente\/<\/a><\/p>\n","protected":false},"excerpt":{"rendered":"<p>La Secretar\u00eda de Cultura  de Coahuila en coordinaci\u00f3n con la Secretar\u00eda de Cultura del Gobierno de M\u00e9xico, por medio del programa de Apoyo a Instituciones Estatales de Cultura (AIEC), invita a participar en la convocatoria \u201cArte Resiliente\u201d.<\/p>\n","protected":false},"author":1,"featured_media":387,"comment_status":"open","ping_status":"open","sticky":false,"template":"","format":"standard","meta":{"footnotes":""},"categories":[8],"tags":[],"class_list":["post-386","post","type-post","status-publish","format-standard","has-post-thumbnail","hentry","category-sociedad","entry"],"_links":{"self":[{"href":"https:\/\/lavereda.com.mx\/index.php\/wp-json\/wp\/v2\/posts\/386","targetHints":{"allow":["GET"]}}],"collection":[{"href":"https:\/\/lavereda.com.mx\/index.php\/wp-json\/wp\/v2\/posts"}],"about":[{"href":"https:\/\/lavereda.com.mx\/index.php\/wp-json\/wp\/v2\/types\/post"}],"author":[{"embeddable":true,"href":"https:\/\/lavereda.com.mx\/index.php\/wp-json\/wp\/v2\/users\/1"}],"replies":[{"embeddable":true,"href":"https:\/\/lavereda.com.mx\/index.php\/wp-json\/wp\/v2\/comments?post=386"}],"version-history":[{"count":1,"href":"https:\/\/lavereda.com.mx\/index.php\/wp-json\/wp\/v2\/posts\/386\/revisions"}],"predecessor-version":[{"id":389,"href":"https:\/\/lavereda.com.mx\/index.php\/wp-json\/wp\/v2\/posts\/386\/revisions\/389"}],"wp:featuredmedia":[{"embeddable":true,"href":"https:\/\/lavereda.com.mx\/index.php\/wp-json\/wp\/v2\/media\/387"}],"wp:attachment":[{"href":"https:\/\/lavereda.com.mx\/index.php\/wp-json\/wp\/v2\/media?parent=386"}],"wp:term":[{"taxonomy":"category","embeddable":true,"href":"https:\/\/lavereda.com.mx\/index.php\/wp-json\/wp\/v2\/categories?post=386"},{"taxonomy":"post_tag","embeddable":true,"href":"https:\/\/lavereda.com.mx\/index.php\/wp-json\/wp\/v2\/tags?post=386"}],"curies":[{"name":"wp","href":"https:\/\/api.w.org\/{rel}","templated":true}]}}