{"id":3858,"date":"2022-07-10T15:56:45","date_gmt":"2022-07-10T15:56:45","guid":{"rendered":"http:\/\/lavereda.com.mx\/?p=3858"},"modified":"2022-07-10T15:56:47","modified_gmt":"2022-07-10T15:56:47","slug":"cabeza-de-arana","status":"publish","type":"post","link":"https:\/\/lavereda.com.mx\/index.php\/2022\/07\/10\/cabeza-de-arana\/","title":{"rendered":"Cabeza de Ara\u00f1a"},"content":{"rendered":"\n<p>Spiderhead, 2022<\/p>\n\n\n\n<p>Netflix<\/p>\n\n\n\n<p>En esta prisi\u00f3n moderna y muy confortable, cada interno puede hacer lo que quiere. No hay rejas ni carceleros, solo dormitorios y \u00e1reas comunes. Sentenciados por diversos delitos, est\u00e1n ah\u00ed por voluntad para participar en un experimento con drogas, elaborado por el brillante doctor Jeff (Chris Hemsworth). Para cada emoci\u00f3n tiene una dosis. Al accionar un dispositivo que tienen adherido por la espalda, puede suministrar sustancias que los hacen transformarse en lo que desea, ya sea hacerlos habladores, t\u00edmidos, apasionados, melanc\u00f3licos o violentos.<\/p>\n\n\n\n<p>Hasta que Steve (Mile Teller) uno de los internos, se da cuenta de que los procedimientos no son lo que parecen y que las intenciones de Jeff no son tan nobles como dice.<\/p>\n\n\n\n<p>De esta forma llega una inevitable confrontaci\u00f3n, al ver c\u00f3mo los presos son manejados de manera inescrupulosa, con drogas que pueden resultar crueles y letales.<\/p>\n\n\n\n<p>Dirigida por Joseph Kosinski este thriller cient\u00edfico de ficci\u00f3n juega con la idea del control de la humanidad a trav\u00e9s de estimulaciones, lo que puede hacer que las personas se sometan a los designios de un l\u00edder, ya sea para comportarse de manera angelical, para no cometer delitos, o para hacer exactamente lo contrario, si as\u00ed lo quiere el manipulador.<\/p>\n\n\n\n<p>Es una buena opci\u00f3n de entretenimiento de fin de semana, aunque queda la sensaci\u00f3n de que la producci\u00f3n y el casting pudieron hacer un mejor trabajo.<\/p>\n\n\n\n<p>(R. Restringido; menores de 17 deben estar acompa\u00f1ados de sus padres)<\/p>\n\n\n\n<p>@LucianoCamposG<\/p>\n\n\n\n<figure class=\"wp-block-embed is-type-video is-provider-youtube wp-block-embed-youtube wp-embed-aspect-16-9 wp-has-aspect-ratio\"><div class=\"wp-block-embed__wrapper\">\n<iframe title=\"Spiderhead: La cabeza de la ara\u00f1a (2022) | Tr\u00e1iler Doblado Espa\u00f1ol Latino\" width=\"1170\" height=\"658\" src=\"https:\/\/www.youtube.com\/embed\/pwz6pDskaNc?feature=oembed\" frameborder=\"0\" allow=\"accelerometer; autoplay; clipboard-write; encrypted-media; gyroscope; picture-in-picture\" allowfullscreen><\/iframe>\n<\/div><\/figure>\n","protected":false},"excerpt":{"rendered":"<p>Spiderhead, 2022 Netflix En esta prisi\u00f3n moderna y muy confortable, cada interno puede hacer lo que quiere. No hay rejas ni carceleros, solo dormitorios y \u00e1reas comunes. Sentenciados por diversos &hellip; <a href=\"https:\/\/lavereda.com.mx\/index.php\/2022\/07\/10\/cabeza-de-arana\/\" class=\"more-link\">Leer m\u00e1s<\/a><\/p>\n","protected":false},"author":3,"featured_media":3859,"comment_status":"open","ping_status":"open","sticky":false,"template":"","format":"standard","meta":{"footnotes":""},"categories":[6,7],"tags":[],"class_list":["post-3858","post","type-post","status-publish","format-standard","has-post-thumbnail","hentry","category-cinetv","category-entretenimiento","entry"],"_links":{"self":[{"href":"https:\/\/lavereda.com.mx\/index.php\/wp-json\/wp\/v2\/posts\/3858","targetHints":{"allow":["GET"]}}],"collection":[{"href":"https:\/\/lavereda.com.mx\/index.php\/wp-json\/wp\/v2\/posts"}],"about":[{"href":"https:\/\/lavereda.com.mx\/index.php\/wp-json\/wp\/v2\/types\/post"}],"author":[{"embeddable":true,"href":"https:\/\/lavereda.com.mx\/index.php\/wp-json\/wp\/v2\/users\/3"}],"replies":[{"embeddable":true,"href":"https:\/\/lavereda.com.mx\/index.php\/wp-json\/wp\/v2\/comments?post=3858"}],"version-history":[{"count":1,"href":"https:\/\/lavereda.com.mx\/index.php\/wp-json\/wp\/v2\/posts\/3858\/revisions"}],"predecessor-version":[{"id":3860,"href":"https:\/\/lavereda.com.mx\/index.php\/wp-json\/wp\/v2\/posts\/3858\/revisions\/3860"}],"wp:featuredmedia":[{"embeddable":true,"href":"https:\/\/lavereda.com.mx\/index.php\/wp-json\/wp\/v2\/media\/3859"}],"wp:attachment":[{"href":"https:\/\/lavereda.com.mx\/index.php\/wp-json\/wp\/v2\/media?parent=3858"}],"wp:term":[{"taxonomy":"category","embeddable":true,"href":"https:\/\/lavereda.com.mx\/index.php\/wp-json\/wp\/v2\/categories?post=3858"},{"taxonomy":"post_tag","embeddable":true,"href":"https:\/\/lavereda.com.mx\/index.php\/wp-json\/wp\/v2\/tags?post=3858"}],"curies":[{"name":"wp","href":"https:\/\/api.w.org\/{rel}","templated":true}]}}