{"id":3838,"date":"2022-07-04T01:14:01","date_gmt":"2022-07-04T01:14:01","guid":{"rendered":"http:\/\/lavereda.com.mx\/?p=3838"},"modified":"2022-07-04T01:14:03","modified_gmt":"2022-07-04T01:14:03","slug":"los-museos-de-coahuila-se-preparan-para-el-verano","status":"publish","type":"post","link":"https:\/\/lavereda.com.mx\/index.php\/2022\/07\/04\/los-museos-de-coahuila-se-preparan-para-el-verano\/","title":{"rendered":"Los museos de Coahuila se preparan para el verano"},"content":{"rendered":"\n<p>La Secretar\u00eda de Cultura de Coahuila (SC) invit\u00f3 a visitar en familia los recintos culturales y espacios muse\u00edsticos de Coahuila durante las pr\u00f3ximas vacaciones de verano.<\/p>\n\n\n\n<p>Estos recintos est\u00e1n abiertos de martes a domingo en horario de las 10:00 a las 18:00 horas, con entrada totalmente gratuita y bajo uso obligatorio de cubrebocas en sus instalaciones como medida preventiva contra la Covid-19.<\/p>\n\n\n\n<p>Ana Sof\u00eda Garc\u00eda Camil, titular de la SC, coment\u00f3 que ser\u00e1n 290 actividades, entre ellas diversos talleres y el programa \u2018En Busca del Tesoro\u2019, con el objetivo de que las familias puedan disfrutar el verano en estos recintos culturales, con momentos de aprendizaje y diversi\u00f3n en estos espacios hist\u00f3ricos y culturales, entre ellas un nuevo programa en coordinaci\u00f3n con la Red Estatal de Bibliotecas.<\/p>\n\n\n\n<p>Destac\u00f3 que \u201cVerano cultural en mi museo\u201d es enfocado a toda la familia para que el p\u00fablico en general vea a los museos de manera diferente, y se encuentra dentro de las actividades del programa Mejora con tu cultura\u201d.<\/p>\n\n\n\n<p>\u201cEn Busca del Tesoro\u201d se realiza en coordinaci\u00f3n con la Red Estatal de Bibliotecas para fomentar que m\u00e1s personas visiten no s\u00f3lo los museos, sino las bibliotecas y centros culturales.<\/p>\n\n\n\n<p>\u201cEn cada museo y centro cultural habr\u00e1 un c\u00f3digo que los visitantes podr\u00e1n tomar con su celular, esto les ofrecer\u00e1 un acertijo que tendr\u00e1n que descifrar para encontrar una pieza en particular. Se trata de un ejercicio l\u00fadico, hist\u00f3rico e interactivo en el que las familias podr\u00e1n aprender m\u00e1s de historia regional y, al mismo tiempo, pasar momentos divertidos\u201d, explic\u00f3.<\/p>\n\n\n\n<p>\u201cAdem\u00e1s habr\u00e1 talleres de todo tipo. Quienes acudan a nuestros museos aprender\u00e1n a hacer un atrapasue\u00f1os, a tejer en bastidor, elaborar t\u00edteres y muchas cosas\u201d, declar\u00f3.<\/p>\n\n\n\n<p>Todas las actividades, horarios y dem\u00e1s se pueden consultar en&nbsp;<a href=\"https:\/\/web.facebook.com\/CulturaCoahuilaOficial\" target=\"_blank\" rel=\"noreferrer noopener\">https:\/\/web.facebook.com\/CulturaCoahuilaOficial<\/a>&nbsp;y participar en los diferentes museos del Estado que son: Museo del Palacio, Salas Carranza, Museo del Sarape y Trajes Mexicanos, Museo de la Revoluci\u00f3n , Museo de los Presidentes Coahuilenses, Museo del Normalismo, Museo de Artes Gr\u00e1ficas y Museo de la Cultura Taurina, en Saltillo.<\/p>\n\n\n\n<p>Adem\u00e1s del Museo de las Momias, en San Antonio de las Alazanas, Arteaga; Museo de la Revoluci\u00f3n, en Torre\u00f3n; Museo Casa Carranza, en Cuatro Ci\u00e9negas; Museo de Villa, en Sabinas; y el Museo Cultural de Nadadores.<\/p>\n","protected":false},"excerpt":{"rendered":"<p>La Secretar\u00eda de Cultura de Coahuila (SC) invit\u00f3 a visitar en familia los recintos culturales y espacios muse\u00edsticos de Coahuila durante las pr\u00f3ximas vacaciones de verano. Estos recintos est\u00e1n abiertos &hellip; <a href=\"https:\/\/lavereda.com.mx\/index.php\/2022\/07\/04\/los-museos-de-coahuila-se-preparan-para-el-verano\/\" class=\"more-link\">Leer m\u00e1s<\/a><\/p>\n","protected":false},"author":1,"featured_media":3839,"comment_status":"open","ping_status":"open","sticky":false,"template":"","format":"standard","meta":{"footnotes":""},"categories":[3,18],"tags":[],"class_list":["post-3838","post","type-post","status-publish","format-standard","has-post-thumbnail","hentry","category-artes-visuales","category-lomasrelevante","entry"],"_links":{"self":[{"href":"https:\/\/lavereda.com.mx\/index.php\/wp-json\/wp\/v2\/posts\/3838","targetHints":{"allow":["GET"]}}],"collection":[{"href":"https:\/\/lavereda.com.mx\/index.php\/wp-json\/wp\/v2\/posts"}],"about":[{"href":"https:\/\/lavereda.com.mx\/index.php\/wp-json\/wp\/v2\/types\/post"}],"author":[{"embeddable":true,"href":"https:\/\/lavereda.com.mx\/index.php\/wp-json\/wp\/v2\/users\/1"}],"replies":[{"embeddable":true,"href":"https:\/\/lavereda.com.mx\/index.php\/wp-json\/wp\/v2\/comments?post=3838"}],"version-history":[{"count":1,"href":"https:\/\/lavereda.com.mx\/index.php\/wp-json\/wp\/v2\/posts\/3838\/revisions"}],"predecessor-version":[{"id":3840,"href":"https:\/\/lavereda.com.mx\/index.php\/wp-json\/wp\/v2\/posts\/3838\/revisions\/3840"}],"wp:featuredmedia":[{"embeddable":true,"href":"https:\/\/lavereda.com.mx\/index.php\/wp-json\/wp\/v2\/media\/3839"}],"wp:attachment":[{"href":"https:\/\/lavereda.com.mx\/index.php\/wp-json\/wp\/v2\/media?parent=3838"}],"wp:term":[{"taxonomy":"category","embeddable":true,"href":"https:\/\/lavereda.com.mx\/index.php\/wp-json\/wp\/v2\/categories?post=3838"},{"taxonomy":"post_tag","embeddable":true,"href":"https:\/\/lavereda.com.mx\/index.php\/wp-json\/wp\/v2\/tags?post=3838"}],"curies":[{"name":"wp","href":"https:\/\/api.w.org\/{rel}","templated":true}]}}