{"id":3830,"date":"2022-06-30T03:31:22","date_gmt":"2022-06-30T03:31:22","guid":{"rendered":"http:\/\/lavereda.com.mx\/?p=3830"},"modified":"2022-06-30T13:21:50","modified_gmt":"2022-06-30T13:21:50","slug":"galeria-la-septima-presenta-comarca-open-house","status":"publish","type":"post","link":"https:\/\/lavereda.com.mx\/index.php\/2022\/06\/30\/galeria-la-septima-presenta-comarca-open-house\/","title":{"rendered":"Galer\u00eda La S\u00e9ptima presenta \u201cComarca: Open House\u201d"},"content":{"rendered":"\n<p>Un nuevo espacio da la bienvenida al arte lagunero. La Galer\u00eda \u2013 taller \u201cLa s\u00e9ptima\u201d de la artista Laura Vel\u00e1zquez, presenta el jueves la muestra \u201cComarca Open House\u201d con la participaci\u00f3n de 31 artistas de la regi\u00f3n.<\/p>\n\n\n\n<p>La muestra podr\u00e1 ser visitada de jueves a s\u00e1bado de 11:00 a 19:00 horas y se contar\u00e1 con exhibici\u00f3n y venta de obra de:\u00a0Anna L\u00f3pez, Ana Cuevas, Edurne Otaduy, Freddy Peniche, Guadalupe Castro, Guillermo Colmenero, Gustavo Montes, Hans Sim\u00f3n, Jes\u00fas Soto, Julika, Kuizon, Laura Vel\u00e1zquez, Frida Velazquez, Mack Dos Elementos,\u00a0\u00a0Mariano Champs,\u00a0\u00a0Martha G\u00e1ndara, Memo Garcia, Mon Martinez, Oswaldo Lu\u00e9vano, Paloma Rocha, Paty Hern\u00e1ndez, Rom\u00e1n Eguia, Rosy Gordillo, San Rebelle, Santiago Alatorre, Sara Vel\u00e1zquez, Sergio P\u00e9rez, Tatoy, Tere Hern\u00e1ndez, TT Zarzar, Ana Fuentes, entre otros.<\/p>\n\n\n\n<p>La pintora lagunera Laura Vel\u00e1zquez, radicada hace varios a\u00f1os en Le\u00f3n, Guanajuato; se muestra interesada en abrir un di\u00e1logo entre las y los exponentes de la pl\u00e1stica regional.<\/p>\n\n\n\n<p>Expresa que: \u201cLa Comarca es una fuente muy importante de creadores, destacados artistas que han logrado poner el nombre de la regi\u00f3n en alto, ahora es momento que nuestros espectadores fijen su atenci\u00f3n en comprar arte lagunero o califiquen sus obras que son de m\u00e1xima calidad, tanto en expresi\u00f3n como en t\u00e9cnica.Tratamos de inducir el inter\u00e9s por formar coleccionistas, que valoren esta l\u00ednea como parte de una manera de inversi\u00f3n\u201d.<\/p>\n\n\n\n<p>Afirm\u00f3 que La Comarca que es el t\u00edtulo de esta apertura en La S\u00e9ptima, que muestra una vez m\u00e1s la uni\u00f3n que existe entre esta comunidad, pese a la manera aislada de trabajar como pintores o escultores, se logra la comuni\u00f3n y admiraci\u00f3n que entre uno con los otros.<\/p>\n\n\n\n<p>La galer\u00eda est\u00e1 ubicada en Madero 259 norte, entre Ocampo y Escobedo.<\/p>\n","protected":false},"excerpt":{"rendered":"<p>Un nuevo espacio da la bienvenida al arte lagunero. La Galer\u00eda \u2013 taller \u201cLa s\u00e9ptima\u201d de la artista Laura Vel\u00e1zquez, presenta el jueves la muestra \u201cComarca Open House\u201d con la &hellip; <a href=\"https:\/\/lavereda.com.mx\/index.php\/2022\/06\/30\/galeria-la-septima-presenta-comarca-open-house\/\" class=\"more-link\">Leer m\u00e1s<\/a><\/p>\n","protected":false},"author":9,"featured_media":3831,"comment_status":"open","ping_status":"open","sticky":false,"template":"","format":"standard","meta":{"footnotes":""},"categories":[3,18],"tags":[],"class_list":["post-3830","post","type-post","status-publish","format-standard","has-post-thumbnail","hentry","category-artes-visuales","category-lomasrelevante","entry"],"_links":{"self":[{"href":"https:\/\/lavereda.com.mx\/index.php\/wp-json\/wp\/v2\/posts\/3830","targetHints":{"allow":["GET"]}}],"collection":[{"href":"https:\/\/lavereda.com.mx\/index.php\/wp-json\/wp\/v2\/posts"}],"about":[{"href":"https:\/\/lavereda.com.mx\/index.php\/wp-json\/wp\/v2\/types\/post"}],"author":[{"embeddable":true,"href":"https:\/\/lavereda.com.mx\/index.php\/wp-json\/wp\/v2\/users\/9"}],"replies":[{"embeddable":true,"href":"https:\/\/lavereda.com.mx\/index.php\/wp-json\/wp\/v2\/comments?post=3830"}],"version-history":[{"count":2,"href":"https:\/\/lavereda.com.mx\/index.php\/wp-json\/wp\/v2\/posts\/3830\/revisions"}],"predecessor-version":[{"id":3833,"href":"https:\/\/lavereda.com.mx\/index.php\/wp-json\/wp\/v2\/posts\/3830\/revisions\/3833"}],"wp:featuredmedia":[{"embeddable":true,"href":"https:\/\/lavereda.com.mx\/index.php\/wp-json\/wp\/v2\/media\/3831"}],"wp:attachment":[{"href":"https:\/\/lavereda.com.mx\/index.php\/wp-json\/wp\/v2\/media?parent=3830"}],"wp:term":[{"taxonomy":"category","embeddable":true,"href":"https:\/\/lavereda.com.mx\/index.php\/wp-json\/wp\/v2\/categories?post=3830"},{"taxonomy":"post_tag","embeddable":true,"href":"https:\/\/lavereda.com.mx\/index.php\/wp-json\/wp\/v2\/tags?post=3830"}],"curies":[{"name":"wp","href":"https:\/\/api.w.org\/{rel}","templated":true}]}}