{"id":3812,"date":"2022-06-28T02:37:40","date_gmt":"2022-06-28T02:37:40","guid":{"rendered":"http:\/\/lavereda.com.mx\/?p=3812"},"modified":"2022-06-28T02:37:41","modified_gmt":"2022-06-28T02:37:41","slug":"el-museo-arocena-recibe-la-obra-del-artista-vicente-rojo","status":"publish","type":"post","link":"https:\/\/lavereda.com.mx\/index.php\/2022\/06\/28\/el-museo-arocena-recibe-la-obra-del-artista-vicente-rojo\/","title":{"rendered":"El Museo Arocena recibe la obra del artista Vicente Rojo"},"content":{"rendered":"\n<ul class=\"wp-block-list\"><li><strong>Ser\u00e1 inaugurada \u201cSignos y letras. Vicente Rojo (1932 \u2013 2021)\u201d<\/strong><\/li><\/ul>\n\n\n\n<p>Fallecido apenas el a\u00f1o pasado, el Museo Arocena se prepara para rendir un gran homenaje al artista catal\u00e1n que radic\u00f3 en M\u00e9xico desde 1949, Vicente Rojo. Uno de los artistas m\u00e1s representativos del arte contempor\u00e1neao de la segunda mitad del siglo XX en nuestro pa\u00eds, perteneciente a la generaci\u00f3n de la Ruptura.<\/p>\n\n\n\n<p>Este jueves 30 de junio ser\u00e1 inaugurada la muestra \u201cSignos y letras. Vicente Rojo (1932 \u2013 2021)\u201d en la sala de exposiciones temporales de este recinto, a las 19:00 horas. Se trata de una colaboraci\u00f3n con el Mueo Kaluz.<\/p>\n\n\n\n<p>Catal\u00e1n de origen y mexicano por adopci\u00f3n, Vicente Rojo se ha convertido en un referente de las artes visuales mexicanas desde la segunda mitad del siglo veinte en adelante. Su labor como dise\u00f1ador gr\u00e1fico, editor y artista, trasciende su \u00e9poca y se ha convertido en un inagotable legado para la posteridad.<\/p>\n\n\n\n<p>Su carrera art\u00edstica coincide con un periodo de efervescencia cultural que lo benefici\u00f3 mediante una variedad de exitosas colaboraciones con artistas, escritores, dramaturgos, m\u00fasicos, arquitectos y editores.&nbsp;<\/p>\n\n\n\n<p>De acuerdo con los curadores de esta muestra, revistas, libros, portadas, carteles, suplementos y peri\u00f3dicos encontraron en el incontestable talento de Vicente Rojo, un filtro transparente y el complemento id\u00f3neo para la interpretaci\u00f3n y la apreciaci\u00f3n de sus contenidos. Dise\u00f1ador gr\u00e1fico, pintor, grabador, escultor y editor fue un destacado miembro de la generaci\u00f3n de la Ruptura que se abri\u00f3 a la abstracci\u00f3n en las artes visuales mexicanas con su prol\u00edfica creatividad y nos leg\u00f3 un extenso patrimonio con la tarea de descifrarlo.<\/p>\n\n\n\n<p>\u201cEl Museo Arocena se enorgullece en presentar este homenaje a Vicente Rojo, resultado de una estrecha colaboraci\u00f3n con el Museo Kaluz y la participaci\u00f3n de las colecciones del Dr. Isaac Masri y del Dr. Jos\u00e9 Pinto Mazal, acervos que dialogan para invitar a dar rienda suelta a la imaginaci\u00f3n y a la reflexi\u00f3n para encontrar en estas obras la riqueza de un lenguaje atemporal e incorruptible\u201d, comparti\u00f3 el Museo en un comunicado.<\/p>\n\n\n\n<blockquote class=\"wp-block-quote is-layout-flow wp-block-quote-is-layout-flow\"><p><strong>Todas las ideas nos corresponden a todos<\/strong><\/p><p><strong><em>El arte es el que hace las preguntas<\/em><\/strong><\/p><p><strong><em>Soy un trabajador de, por y para la cultura<\/em><\/strong><\/p><cite>Vicente Rojo.<em>Diario Abierto<\/em>\u00a0(2013)<br>\u00a0Ediciones Era<\/cite><\/blockquote>\n","protected":false},"excerpt":{"rendered":"<p>Ser\u00e1 inaugurada \u201cSignos y letras. Vicente Rojo (1932 \u2013 2021)\u201d Fallecido apenas el a\u00f1o pasado, el Museo Arocena se prepara para rendir un gran homenaje al artista catal\u00e1n que radic\u00f3 &hellip; <a href=\"https:\/\/lavereda.com.mx\/index.php\/2022\/06\/28\/el-museo-arocena-recibe-la-obra-del-artista-vicente-rojo\/\" class=\"more-link\">Leer m\u00e1s<\/a><\/p>\n","protected":false},"author":9,"featured_media":3813,"comment_status":"open","ping_status":"open","sticky":false,"template":"","format":"standard","meta":{"footnotes":""},"categories":[3,18],"tags":[],"class_list":["post-3812","post","type-post","status-publish","format-standard","has-post-thumbnail","hentry","category-artes-visuales","category-lomasrelevante","entry"],"_links":{"self":[{"href":"https:\/\/lavereda.com.mx\/index.php\/wp-json\/wp\/v2\/posts\/3812","targetHints":{"allow":["GET"]}}],"collection":[{"href":"https:\/\/lavereda.com.mx\/index.php\/wp-json\/wp\/v2\/posts"}],"about":[{"href":"https:\/\/lavereda.com.mx\/index.php\/wp-json\/wp\/v2\/types\/post"}],"author":[{"embeddable":true,"href":"https:\/\/lavereda.com.mx\/index.php\/wp-json\/wp\/v2\/users\/9"}],"replies":[{"embeddable":true,"href":"https:\/\/lavereda.com.mx\/index.php\/wp-json\/wp\/v2\/comments?post=3812"}],"version-history":[{"count":1,"href":"https:\/\/lavereda.com.mx\/index.php\/wp-json\/wp\/v2\/posts\/3812\/revisions"}],"predecessor-version":[{"id":3814,"href":"https:\/\/lavereda.com.mx\/index.php\/wp-json\/wp\/v2\/posts\/3812\/revisions\/3814"}],"wp:featuredmedia":[{"embeddable":true,"href":"https:\/\/lavereda.com.mx\/index.php\/wp-json\/wp\/v2\/media\/3813"}],"wp:attachment":[{"href":"https:\/\/lavereda.com.mx\/index.php\/wp-json\/wp\/v2\/media?parent=3812"}],"wp:term":[{"taxonomy":"category","embeddable":true,"href":"https:\/\/lavereda.com.mx\/index.php\/wp-json\/wp\/v2\/categories?post=3812"},{"taxonomy":"post_tag","embeddable":true,"href":"https:\/\/lavereda.com.mx\/index.php\/wp-json\/wp\/v2\/tags?post=3812"}],"curies":[{"name":"wp","href":"https:\/\/api.w.org\/{rel}","templated":true}]}}