{"id":3809,"date":"2022-06-26T00:00:45","date_gmt":"2022-06-26T00:00:45","guid":{"rendered":"http:\/\/lavereda.com.mx\/?p=3809"},"modified":"2022-06-26T00:00:46","modified_gmt":"2022-06-26T00:00:46","slug":"la-oferta","status":"publish","type":"post","link":"https:\/\/lavereda.com.mx\/index.php\/2022\/06\/26\/la-oferta\/","title":{"rendered":"La Oferta"},"content":{"rendered":"\n<p>The Offer, 2022<\/p>\n\n\n\n<p>Amazon Prime Video<\/p>\n\n\n\n<p>Dirigida exclusivamente a los seguidores de la saga cinematogr\u00e1fica El Padrino, esta serie explica c\u00f3mo se gest\u00f3 la hist\u00f3rica serie, que tuvo como artista principal a Francis Ford Coppola, que se uni\u00f3 a numerosas personas que, desde el escritorio, ayudaron a consolidar el hit.<\/p>\n\n\n\n<p>Inaccesible para quienes no hayan visto, como m\u00ednimo, la primera parte de la franquicia, la propuesta describe el gran evento f\u00edlmico contado desde el punto de vista de su protagonista y testigo privilegiado, personaje Al Rudy, interpretado por Miles Teller, estrella ascendente que actualmente es visto en Top Gun: Maverick.<\/p>\n\n\n\n<p>A lo largo de 10 episodios, se ven las dificultades del equipo que en 1972 arm\u00f3 el entonces todo poderoso de la productora Paramount y las vacilaciones que hubo entre los inversionistas y ejecutivos, que dudaban que pudiera tener \u00e9xito una cinta de casi tres horas de duraci\u00f3n, que hablaba sobre mafiosos migrantes italianos.<\/p>\n\n\n\n<p>Llena de detalles de la \u00e9poca, se muestra c\u00f3mo fueron desarrollando el guion Coppola y Mario Puzo, basados en la novela de este, mientras los productores luchaban con directivos y tambi\u00e9n con delincuentes, que controlaban la actividad criminal en Nueva York, y que inicialmente se opon\u00edan a la realizaci\u00f3n de esta que, tras su estreno, es considerada una obra maestra.<\/p>\n\n\n\n<p>Aunque contiene numerosas subtramas que, mayormente, eran innecesarias, la serie resultar\u00e1 muy disfrutable para los fans de El Padrino, pues desvela detalles que hasta ahora se conocen de la pel\u00edcula aclamada como la mejor de todas las \u00e9pocas.<\/p>\n\n\n\n<p>(R. Restringido; menores de 17 deben estar acompa\u00f1ados de sus padres)<\/p>\n\n\n\n<p>@LucianoCamposG<\/p>\n","protected":false},"excerpt":{"rendered":"<p>The Offer, 2022 Amazon Prime Video Dirigida exclusivamente a los seguidores de la saga cinematogr\u00e1fica El Padrino, esta serie explica c\u00f3mo se gest\u00f3 la hist\u00f3rica serie, que tuvo como artista &hellip; <a href=\"https:\/\/lavereda.com.mx\/index.php\/2022\/06\/26\/la-oferta\/\" class=\"more-link\">Leer m\u00e1s<\/a><\/p>\n","protected":false},"author":3,"featured_media":3810,"comment_status":"open","ping_status":"open","sticky":false,"template":"","format":"standard","meta":{"footnotes":""},"categories":[6,7],"tags":[],"class_list":["post-3809","post","type-post","status-publish","format-standard","has-post-thumbnail","hentry","category-cinetv","category-entretenimiento","entry"],"_links":{"self":[{"href":"https:\/\/lavereda.com.mx\/index.php\/wp-json\/wp\/v2\/posts\/3809","targetHints":{"allow":["GET"]}}],"collection":[{"href":"https:\/\/lavereda.com.mx\/index.php\/wp-json\/wp\/v2\/posts"}],"about":[{"href":"https:\/\/lavereda.com.mx\/index.php\/wp-json\/wp\/v2\/types\/post"}],"author":[{"embeddable":true,"href":"https:\/\/lavereda.com.mx\/index.php\/wp-json\/wp\/v2\/users\/3"}],"replies":[{"embeddable":true,"href":"https:\/\/lavereda.com.mx\/index.php\/wp-json\/wp\/v2\/comments?post=3809"}],"version-history":[{"count":1,"href":"https:\/\/lavereda.com.mx\/index.php\/wp-json\/wp\/v2\/posts\/3809\/revisions"}],"predecessor-version":[{"id":3811,"href":"https:\/\/lavereda.com.mx\/index.php\/wp-json\/wp\/v2\/posts\/3809\/revisions\/3811"}],"wp:featuredmedia":[{"embeddable":true,"href":"https:\/\/lavereda.com.mx\/index.php\/wp-json\/wp\/v2\/media\/3810"}],"wp:attachment":[{"href":"https:\/\/lavereda.com.mx\/index.php\/wp-json\/wp\/v2\/media?parent=3809"}],"wp:term":[{"taxonomy":"category","embeddable":true,"href":"https:\/\/lavereda.com.mx\/index.php\/wp-json\/wp\/v2\/categories?post=3809"},{"taxonomy":"post_tag","embeddable":true,"href":"https:\/\/lavereda.com.mx\/index.php\/wp-json\/wp\/v2\/tags?post=3809"}],"curies":[{"name":"wp","href":"https:\/\/api.w.org\/{rel}","templated":true}]}}