{"id":3801,"date":"2022-06-23T23:54:39","date_gmt":"2022-06-23T23:54:39","guid":{"rendered":"http:\/\/lavereda.com.mx\/?p=3801"},"modified":"2022-06-23T23:54:40","modified_gmt":"2022-06-23T23:54:40","slug":"el-academico-y-director-sergio-vela-impartira-curso-sobre-r-wagner","status":"publish","type":"post","link":"https:\/\/lavereda.com.mx\/index.php\/2022\/06\/23\/el-academico-y-director-sergio-vela-impartira-curso-sobre-r-wagner\/","title":{"rendered":"El acad\u00e9mico y director Sergio Vela impartir\u00e1 curso sobre R. Wagner"},"content":{"rendered":"\n<p>\u201cVisi\u00f3n panor\u00e1mica de la Obra de Richard Wagner\u201d,  es el t\u00edtulo del curso que impartir\u00e1 el Mtro. Sergio Vela, reconocido\u00a0director de escena y dise\u00f1ador especializado en \u00f3pera, quien fue presidente del Consejo Nacional para la Cultura y las Artes (2006-2009).<\/p>\n\n\n\n<p>El curso gratuito es organizado por el Instituto Municipal de Cultura y Educaci\u00f3n en colaboraci\u00f3n con la corresponsal\u00eda Torre\u00f3n del Seminario de Cultura Mexicana y tendr\u00e1 como sede el Auditorio del Museo Regional de La Laguna, del 4 al 8 de julio de 18:00 a 20:30 horas. Las personas interesadas deber\u00e1n inscribirse en el tel\u00e9fono 8715007062.<\/p>\n\n\n\n<p>Sergio Vela estudi\u00f3 composici\u00f3n con Humberto Hern\u00e1ndez Medrano y direcci\u00f3n orquestal con Roswitha Heintze y, en la Escuela de M\u00fasica de Aspen, con Murry Sidlin. Es egresado cum laude de la Escuela Libre de Derecho y curs\u00f3 sus estudios de doctorado en musicolog\u00eda bajo la tutor\u00eda de Julio Estrada en la Facultad de M\u00fasica de la Universidad Nacional Aut\u00f3noma de M\u00e9xico.<\/p>\n\n\n\n<p>Sus trabajos se han presentado en M\u00e9xico, Estados Unidos, Italia, Espa\u00f1a, Alemania, Irlanda y Brasil. Es autor de ensayos sobre arte y humanidades; imparte c\u00e1tedra, cursos y conferencias, y es anfitri\u00f3n de programas culturales de radio y televisi\u00f3n.&nbsp;<\/p>\n\n\n\n<p>Como promotor cultural, fue Director de la \u00d3pera de Bellas Artes, Director General del Festival Internacional Cervantino, Director General de M\u00fasica de la Universidad Nacional Aut\u00f3noma de M\u00e9xico, Presidente del Consejo Nacional para la Cultura y las Artes, Consejero Art\u00edstico de la Orquesta Sinf\u00f3nica de Miner\u00eda y Director Art\u00edstico del Festival de M\u00fasica de Morelia y del Festival del Centro Hist\u00f3rico de M\u00e9xico. Es Director General de Arte y Cultura Grupo Salinas.<br><br>Ha recibido la Medalla Mozart de Austria, la Orden de las Artes y las Letras de Francia, la Cruz Federal al M\u00e9rito de Alemania, la Orden al M\u00e9rito de Italia, la Orden de Isabel la Cat\u00f3lica de Espa\u00f1a y la Orden de Dannebrog de Dinamarca. Es miembro titular, desde 2014, del Seminario de Cultura Mexicana.<\/p>\n\n\n\n<p><strong>RICHARD WAGNER<\/strong><\/p>\n\n\n\n<p>Richard Wagner es considerado uno de los mejores compositores cl\u00e1sicos de todos los tiempos. (Leipzig, actual Alemania, 1813 &#8211; Venecia, Italia, 1883) Compositor, director de orquesta, poeta y te\u00f3rico musical alem\u00e1n. Aunque Wagner pr\u00e1cticamente s\u00f3lo compuso para la escena, su influencia en la m\u00fasica es un hecho incuestionable.&nbsp;<\/p>\n\n\n\n<p>Las grandes corrientes musicales surgidas con posterioridad, desde el expresionismo hasta el impresionismo y por continuaci\u00f3n o por reacci\u00f3n, encuentran en Wagner su verdadero origen, hasta el punto de que algunos cr\u00edticos sostienen que toda la m\u00fasica contempor\u00e1nea nace de la armon\u00eda, rica en cromatismos y en disonancias no resueltas, de&nbsp;<em>Trist\u00e1n e Isolda<\/em>.<\/p>\n","protected":false},"excerpt":{"rendered":"<p>\u201cVisi\u00f3n panor\u00e1mica de la Obra de Richard Wagner\u201d, es el t\u00edtulo del curso que impartir\u00e1 el Mtro. Sergio Vela, reconocido\u00a0director de escena y dise\u00f1ador especializado en \u00f3pera, quien fue presidente &hellip; <a href=\"https:\/\/lavereda.com.mx\/index.php\/2022\/06\/23\/el-academico-y-director-sergio-vela-impartira-curso-sobre-r-wagner\/\" class=\"more-link\">Leer m\u00e1s<\/a><\/p>\n","protected":false},"author":1,"featured_media":3802,"comment_status":"open","ping_status":"open","sticky":false,"template":"","format":"standard","meta":{"footnotes":""},"categories":[18,4],"tags":[],"class_list":["post-3801","post","type-post","status-publish","format-standard","has-post-thumbnail","hentry","category-lomasrelevante","category-musica","entry"],"_links":{"self":[{"href":"https:\/\/lavereda.com.mx\/index.php\/wp-json\/wp\/v2\/posts\/3801","targetHints":{"allow":["GET"]}}],"collection":[{"href":"https:\/\/lavereda.com.mx\/index.php\/wp-json\/wp\/v2\/posts"}],"about":[{"href":"https:\/\/lavereda.com.mx\/index.php\/wp-json\/wp\/v2\/types\/post"}],"author":[{"embeddable":true,"href":"https:\/\/lavereda.com.mx\/index.php\/wp-json\/wp\/v2\/users\/1"}],"replies":[{"embeddable":true,"href":"https:\/\/lavereda.com.mx\/index.php\/wp-json\/wp\/v2\/comments?post=3801"}],"version-history":[{"count":1,"href":"https:\/\/lavereda.com.mx\/index.php\/wp-json\/wp\/v2\/posts\/3801\/revisions"}],"predecessor-version":[{"id":3803,"href":"https:\/\/lavereda.com.mx\/index.php\/wp-json\/wp\/v2\/posts\/3801\/revisions\/3803"}],"wp:featuredmedia":[{"embeddable":true,"href":"https:\/\/lavereda.com.mx\/index.php\/wp-json\/wp\/v2\/media\/3802"}],"wp:attachment":[{"href":"https:\/\/lavereda.com.mx\/index.php\/wp-json\/wp\/v2\/media?parent=3801"}],"wp:term":[{"taxonomy":"category","embeddable":true,"href":"https:\/\/lavereda.com.mx\/index.php\/wp-json\/wp\/v2\/categories?post=3801"},{"taxonomy":"post_tag","embeddable":true,"href":"https:\/\/lavereda.com.mx\/index.php\/wp-json\/wp\/v2\/tags?post=3801"}],"curies":[{"name":"wp","href":"https:\/\/api.w.org\/{rel}","templated":true}]}}