{"id":3795,"date":"2022-06-22T20:19:11","date_gmt":"2022-06-22T20:19:11","guid":{"rendered":"http:\/\/lavereda.com.mx\/?p=3795"},"modified":"2022-06-22T20:21:46","modified_gmt":"2022-06-22T20:21:46","slug":"invitan-a-participar-en-el-festival-cultural-summercase-2022","status":"publish","type":"post","link":"https:\/\/lavereda.com.mx\/index.php\/2022\/06\/22\/invitan-a-participar-en-el-festival-cultural-summercase-2022\/","title":{"rendered":"Invitan a participar en el festival cultural Summercase 2022"},"content":{"rendered":"\n<p>El colectivo Beachvibe, conformado por los j\u00f3venes emprendedores Roberto Gonz\u00e1lez y Daniel R\u00edos, est\u00e1 convocando a la comunidad art\u00edstica a formar parte del&nbsp;Summercase&nbsp;2022, el primer festival cultural que propone una nueva forma de proyectar, disfrutar y acceder al talento creativo surgido en la Comarca Lagunera, por medio de la exhibici\u00f3n y venta de obras originales.&nbsp;<\/p>\n\n\n\n<p>\u201cEl objetivo principal es acercar el arte y la cultura de creadores consolidados y emergenetes a diferentes p\u00fablicos, a trav\u00e9s de una propuesta conceptual que oscila entre la m\u00fasica, la pl\u00e1stica \u2013escultura, pintura, fotograf\u00eda, gr\u00e1fica digital\u2013 y la moda\u201d, dieron a conocer los organizadores.<\/p>\n\n\n\n<p>El festival se realizar\u00e1 el pr\u00f3ximo s\u00e1bado 9 de julio en el Casino del Desierto del Hotel R\u00edo Nazas (Av. Morelos 732 Pte., entre las calles Falc\u00f3n y Trevi\u00f1o) a partir de las 14:00 horas y hasta la medianoche. \u201cUn recinto que se transformar\u00e1 en un escaparate sin precedentes con el prop\u00f3sito de promover de manera simult\u00e1nea la apreciaci\u00f3n art\u00edstica y el consumo de productos culturales de calidad\u201d, destacaron. El acceso tendr\u00e1 un costo de cien pesos.<\/p>\n\n\n\n<p>El proyecto Summercase, concebido como un emprendimiento de j\u00f3venes laguneros que apuestan y creen en el talento local, contar\u00e1 entre sus&nbsp;<em>headliners<\/em>&nbsp;con la participaci\u00f3n del maestro Alejandro Vera, reconocido compositor de m\u00fasica contempor\u00e1nea que, a trav\u00e9s del violinista Rodrigo Mart\u00ednez \u2013integrante de la Camerata de Coahuila\u2013 podremos escuchar parte de sus obras que van de las secuencias programadas electr\u00f3nicamente a la distorsi\u00f3n. Sin embargo, tambi\u00e9n disfrutaremos de piezas de Georg Philipp Telemann y \u00c1stor Piazzolla.<\/p>\n\n\n\n<figure class=\"wp-block-image size-large\"><img fetchpriority=\"high\" decoding=\"async\" width=\"474\" height=\"946\" src=\"https:\/\/lavereda.com.mx\/wp-content\/uploads\/2022\/06\/WhatsApp-Image-2022-06-20-at-6.58.44-PM-1.jpeg\" alt=\"\" class=\"wp-image-3797\" srcset=\"https:\/\/lavereda.com.mx\/wp-content\/uploads\/2022\/06\/WhatsApp-Image-2022-06-20-at-6.58.44-PM-1.jpeg 474w, https:\/\/lavereda.com.mx\/wp-content\/uploads\/2022\/06\/WhatsApp-Image-2022-06-20-at-6.58.44-PM-1-150x300.jpeg 150w\" sizes=\"(max-width: 474px) 100vw, 474px\" \/><figcaption><em>El compositor Alejandro Vera.<\/em><\/figcaption><\/figure>\n\n\n\n<p>En el terreno de la p\u00ecntura, se tendr\u00e1 el privilegio de apeciar el trabajo de uno de los artistas pl\u00e1sticos m\u00e1s destacados en nuestra regi\u00f3n: Alonso de Alba Bessonnier, \u00fanico mexicano que pertenece al movimiento Mad\u00ed \u2013iniciado por el poeta h\u00fangaro Gyula Kosice y el pintor uruguayo Carmelo Arden Quin\u2013, un estilo que hunde sus ra\u00edces en el arte abstracto y las din\u00e1micas geom\u00e9tricas. En esa misma l\u00ednea est\u00e9tica, la propuesta pict\u00f3rica de Julio P\u00e9rez, mejor conocido como Luffy, mostrar\u00e1 lo m\u00e1s destacado de su cat\u00e1logo en el que es posible advertir la enorme influencia de su maestro Alonso de Alba.<\/p>\n\n\n\n<p>Asimismo, la vanguardia y glamour de las pasarelas formar\u00e1n parte crucial en este Beachvibe Summercase 2022. La reconocida dise\u00f1adora de moda \u00c1ngel Jacquez aparecer\u00e1 en escena con una colecci\u00f3n exclusiva titulada&nbsp;<em>Chic<\/em><em>revolucionario<\/em>, que apuesta por la mixtura de colores, texturas y originalidad tem\u00e1tica, sustentada por un lenguaje visual profundo y una narrativa rupturista, con claras referencias a personajes del arte, la m\u00fasica, la historia, la filosof\u00eda y la cultura pop.<\/p>\n\n\n\n<p>Mayores informes e inscripciones:&nbsp;<a href=\"mailto:roberto.gonzalez@beachvibemedia.mx\">roberto.gonzalez@beachvibemedia.mx<\/a>&nbsp;o bien, con Roberto Gonz\u00e1lez: 8711837079 y Daniel R. R\u00edos: 8712613994.<\/p>\n","protected":false},"excerpt":{"rendered":"<p>El colectivo Beachvibe, conformado por los j\u00f3venes emprendedores Roberto Gonz\u00e1lez y Daniel R\u00edos, est\u00e1 convocando a la comunidad art\u00edstica a formar parte del&nbsp;Summercase&nbsp;2022, el primer festival cultural que propone una &hellip; <a href=\"https:\/\/lavereda.com.mx\/index.php\/2022\/06\/22\/invitan-a-participar-en-el-festival-cultural-summercase-2022\/\" class=\"more-link\">Leer m\u00e1s<\/a><\/p>\n","protected":false},"author":9,"featured_media":3796,"comment_status":"open","ping_status":"open","sticky":false,"template":"","format":"standard","meta":{"footnotes":""},"categories":[3,18],"tags":[],"class_list":["post-3795","post","type-post","status-publish","format-standard","has-post-thumbnail","hentry","category-artes-visuales","category-lomasrelevante","entry"],"_links":{"self":[{"href":"https:\/\/lavereda.com.mx\/index.php\/wp-json\/wp\/v2\/posts\/3795","targetHints":{"allow":["GET"]}}],"collection":[{"href":"https:\/\/lavereda.com.mx\/index.php\/wp-json\/wp\/v2\/posts"}],"about":[{"href":"https:\/\/lavereda.com.mx\/index.php\/wp-json\/wp\/v2\/types\/post"}],"author":[{"embeddable":true,"href":"https:\/\/lavereda.com.mx\/index.php\/wp-json\/wp\/v2\/users\/9"}],"replies":[{"embeddable":true,"href":"https:\/\/lavereda.com.mx\/index.php\/wp-json\/wp\/v2\/comments?post=3795"}],"version-history":[{"count":3,"href":"https:\/\/lavereda.com.mx\/index.php\/wp-json\/wp\/v2\/posts\/3795\/revisions"}],"predecessor-version":[{"id":3800,"href":"https:\/\/lavereda.com.mx\/index.php\/wp-json\/wp\/v2\/posts\/3795\/revisions\/3800"}],"wp:featuredmedia":[{"embeddable":true,"href":"https:\/\/lavereda.com.mx\/index.php\/wp-json\/wp\/v2\/media\/3796"}],"wp:attachment":[{"href":"https:\/\/lavereda.com.mx\/index.php\/wp-json\/wp\/v2\/media?parent=3795"}],"wp:term":[{"taxonomy":"category","embeddable":true,"href":"https:\/\/lavereda.com.mx\/index.php\/wp-json\/wp\/v2\/categories?post=3795"},{"taxonomy":"post_tag","embeddable":true,"href":"https:\/\/lavereda.com.mx\/index.php\/wp-json\/wp\/v2\/tags?post=3795"}],"curies":[{"name":"wp","href":"https:\/\/api.w.org\/{rel}","templated":true}]}}