{"id":3778,"date":"2022-06-16T01:46:37","date_gmt":"2022-06-16T01:46:37","guid":{"rendered":"http:\/\/lavereda.com.mx\/?p=3778"},"modified":"2022-06-16T01:49:22","modified_gmt":"2022-06-16T01:49:22","slug":"no-me-han-dejado-olvidarme-que-soy-de-aca-daniel-gonzalez-cineasta","status":"publish","type":"post","link":"https:\/\/lavereda.com.mx\/index.php\/2022\/06\/16\/no-me-han-dejado-olvidarme-que-soy-de-aca-daniel-gonzalez-cineasta\/","title":{"rendered":"\u201cNo me han dejado olvidarme que soy de ac\u00e1\u201d: Daniel Gonz\u00e1lez, cineasta"},"content":{"rendered":"\n<p>\u201cQuiero contar historias que me ata\u00f1en\u201d, dice Luis Daniel Gonz\u00e1lez, director de cine originario de Torre\u00f3n, quien inici\u00f3 su carrera en la Ciudad de M\u00e9xico y&nbsp;ha tenido la oportunidad de dirigir proyectos como \u201c45 Grados a la sombra\u201d, cortometraje ganador del&nbsp;Festival Nacional de Cine en Torre\u00f3n.<\/p>\n\n\n\n<p>Este a\u00f1o Daniel regresa a su ciudad para filmar \u201cAire y Polvo\u201d, proyecto ganador de un apoyo econ\u00f3mico por parte del Imcine, que&nbsp;nace de la necesidad de contar una historia norte\u00f1a sin exotismo.<\/p>\n\n\n\n<p>Este cortometraje narra la historia de un padre y su hijo qui\u00e9nes tendr\u00e1n que enfrentar una p\u00e9rdida familiar mientras arreglan el aire acondicionado de su casa en plano verano torreonense. Pronto se dar\u00e1n cuenta que lo que los asfixia no es solo el calor\u2026<\/p>\n\n\n\n<p>Daniel comaprti\u00f3 que \u201cmuchas veces nos vemos representados a trav\u00e9s de la violencia y de un paisaje inh\u00f3spito. Esta peque\u00f1a historia busca rescatar un poco de la humanidad que se vive cotidianamente en nuestras ciudades, una realidad inmersa en un clima complicado pero con gente que siempre busca salir adelante\u201d.&nbsp;<\/p>\n\n\n\n<p>En un caf\u00e9 del centro de la ciudad, el joven que se desempe\u00f1a principalmente como cine fot\u00f3grafo, coment\u00f3 que este proyecto seleccionado para ser financiado por IMCINE,&nbsp;naci\u00f3 en medio de la pandemia. \u201cEst\u00e1bamos haciendo una pel\u00edcula en Sonora que tuvimos que parar a la mitad por la pandemia, me dieron la oportunidad de dirigir la segunda unidad de la pel\u00edcula \u201cTrigal\u201d. Nos tuvimos que quedar un mes m\u00e1s, entonces nos pusimos a escribir esta historia\u201d.&nbsp;<\/p>\n\n\n\n<p><strong><em>\u00bfCu\u00e1ndo empiezas a filmar?<\/em><\/strong><\/p>\n\n\n\n<p>\u201cLa \u00faltima semana de agosto, estamos tocando puertas para que nos den apoyo, traer a la gente del elenco y producci\u00f3n implica m\u00e1s gasto\u201d.<\/p>\n\n\n\n<p>El cortometraje contar\u00e1 con las actuaciones de Gerardo Trejo Luna y Alejandro Berumen. El equipo de producci\u00f3n se destaca por su trayectoria nacional e internacional en el s\u00e9ptimo arte.&nbsp;<\/p>\n\n\n\n<p><strong><em>\u00bfC\u00f3mo se te ocurri\u00f3 regresar a Torre\u00f3n a filmar esta historia?<\/em><\/strong><\/p>\n\n\n\n<blockquote class=\"wp-block-quote is-layout-flow wp-block-quote-is-layout-flow\"><p>\u201cTengo cierta inquietud de retratar historias que me ata\u00f1en, para m\u00ed es muy chistoso porque desde que me fui me apodaron \u2018Torre\u00f3n\u2019. As\u00ed me dicen, as\u00ed se me conoce all\u00e1 en la Ciudad de M\u00e9xico.<\/p><p>Nunca me han dejado olvidarme que soy de ac\u00e1, para mi es importante mostrar un poco de esa cotidianidad. M\u00e1s porque si ves que de repente vienen a filmar al norte, pero no est\u00e1 ligado a una realidad que se viva cotidianamente, estamos repletos de historias que reflejan nuestra cultura, m\u00e1s all\u00e1 de un paisaje inh\u00f3spito como es el desierto. Es muy importante que el cine sea honesto, creo que tratamos de poner ese granito de arena.<\/p><p>Pocas veces nos hemos visto representados con historias de gente com\u00fan y corriente, es muy bonito que cada vez que digo \u2018cuando se suben a cambiarle la paja al aparato\u2019, todo mundo se r\u00ede. Todo esto es porque yo me sub\u00ed algunas veces con mi pap\u00e1 a cambiar la paja\u00bb.<\/p><\/blockquote>\n\n\n\n<p>Debido a que en la capital del pa\u00eds no es usual este tipo de refrigeraci\u00f3n, al tener conversaciones creativas con la gente de producci\u00f3n ha tenido que dibujar c\u00f3mo funciona un aparato de aire lavado.<\/p>\n\n\n\n<blockquote class=\"wp-block-quote is-layout-flow wp-block-quote-is-layout-flow\"><p>\u201cYo hubiera sido feliz con un aparato de aire lavado all\u00e1, son esas cosas que viviendo aqu\u00ed uno dar por hecho, a mi me parece muy bonito retratar esto c\u00f3mo es para una peque\u00f1a familia el tener que subirse a cambiar la paja\u201d.<\/p><\/blockquote>\n\n\n\n<p>El joven director comparti\u00f3 que el Imcine en los \u00faltimos a\u00f1os ha tratado descentralizar los recursos:<\/p>\n\n\n\n<figure class=\"wp-block-image size-large\"><img fetchpriority=\"high\" decoding=\"async\" width=\"817\" height=\"1024\" src=\"https:\/\/lavereda.com.mx\/wp-content\/uploads\/2022\/06\/288091685_414100667305532_7177459059749653421_n-817x1024.jpg\" alt=\"\" class=\"wp-image-3780\" srcset=\"https:\/\/lavereda.com.mx\/wp-content\/uploads\/2022\/06\/288091685_414100667305532_7177459059749653421_n-817x1024.jpg 817w, https:\/\/lavereda.com.mx\/wp-content\/uploads\/2022\/06\/288091685_414100667305532_7177459059749653421_n-239x300.jpg 239w, https:\/\/lavereda.com.mx\/wp-content\/uploads\/2022\/06\/288091685_414100667305532_7177459059749653421_n-768x963.jpg 768w, https:\/\/lavereda.com.mx\/wp-content\/uploads\/2022\/06\/288091685_414100667305532_7177459059749653421_n.jpg 1000w\" sizes=\"(max-width: 817px) 100vw, 817px\" \/><\/figure>\n\n\n\n<blockquote class=\"wp-block-quote is-layout-flow wp-block-quote-is-layout-flow\"><p>\u201cPero muchas convocatorias son sobre el paisaje del desierto, para mi es importante entender la vida citadina que genera otra clase de historias. Hay muchas pel\u00edculas que retratan esa realidad, como la violencia, en manos grandes cineastas. Pero al final est\u00e1n estas peque\u00f1as historias que tambi\u00e9n nos suman un poco. A mi me emociona, cada vez que lo cuento, cada quien tiene una reacci\u00f3n diferente. Aqu\u00ed en Torre\u00f3n cada uno de nosotros tiene una relaci\u00f3n con esto, pero yo nunca lo he visto en el cine\u201d, finaliz\u00f3.<\/p><\/blockquote>\n","protected":false},"excerpt":{"rendered":"<p>\u201cQuiero contar historias que me ata\u00f1en\u201d, dice Luis Daniel Gonz\u00e1lez, director de cine originario de Torre\u00f3n, quien inici\u00f3 su carrera en la Ciudad de M\u00e9xico y&nbsp;ha tenido la oportunidad de &hellip; <a href=\"https:\/\/lavereda.com.mx\/index.php\/2022\/06\/16\/no-me-han-dejado-olvidarme-que-soy-de-aca-daniel-gonzalez-cineasta\/\" class=\"more-link\">Leer m\u00e1s<\/a><\/p>\n","protected":false},"author":9,"featured_media":3779,"comment_status":"open","ping_status":"open","sticky":false,"template":"","format":"standard","meta":{"footnotes":""},"categories":[6,18],"tags":[],"class_list":["post-3778","post","type-post","status-publish","format-standard","has-post-thumbnail","hentry","category-cinetv","category-lomasrelevante","entry"],"_links":{"self":[{"href":"https:\/\/lavereda.com.mx\/index.php\/wp-json\/wp\/v2\/posts\/3778","targetHints":{"allow":["GET"]}}],"collection":[{"href":"https:\/\/lavereda.com.mx\/index.php\/wp-json\/wp\/v2\/posts"}],"about":[{"href":"https:\/\/lavereda.com.mx\/index.php\/wp-json\/wp\/v2\/types\/post"}],"author":[{"embeddable":true,"href":"https:\/\/lavereda.com.mx\/index.php\/wp-json\/wp\/v2\/users\/9"}],"replies":[{"embeddable":true,"href":"https:\/\/lavereda.com.mx\/index.php\/wp-json\/wp\/v2\/comments?post=3778"}],"version-history":[{"count":2,"href":"https:\/\/lavereda.com.mx\/index.php\/wp-json\/wp\/v2\/posts\/3778\/revisions"}],"predecessor-version":[{"id":3783,"href":"https:\/\/lavereda.com.mx\/index.php\/wp-json\/wp\/v2\/posts\/3778\/revisions\/3783"}],"wp:featuredmedia":[{"embeddable":true,"href":"https:\/\/lavereda.com.mx\/index.php\/wp-json\/wp\/v2\/media\/3779"}],"wp:attachment":[{"href":"https:\/\/lavereda.com.mx\/index.php\/wp-json\/wp\/v2\/media?parent=3778"}],"wp:term":[{"taxonomy":"category","embeddable":true,"href":"https:\/\/lavereda.com.mx\/index.php\/wp-json\/wp\/v2\/categories?post=3778"},{"taxonomy":"post_tag","embeddable":true,"href":"https:\/\/lavereda.com.mx\/index.php\/wp-json\/wp\/v2\/tags?post=3778"}],"curies":[{"name":"wp","href":"https:\/\/api.w.org\/{rel}","templated":true}]}}